{"id":2499,"date":"2016-08-02T15:36:27","date_gmt":"2016-08-02T18:36:27","guid":{"rendered":"https:\/\/blogs.correiobraziliense.com.br\/servidor\/?p=2499"},"modified":"2016-08-02T15:36:27","modified_gmt":"2016-08-02T18:36:27","slug":"fiscais-agropecuarios-agora-sao-auditores","status":"publish","type":"post","link":"https:\/\/blogs.correiobraziliense.com.br\/servidor\/fiscais-agropecuarios-agora-sao-auditores\/","title":{"rendered":"Fiscais agropecu\u00e1rios agora s\u00e3o auditores"},"content":{"rendered":"<p><em>Mudan\u00e7a na nomenclatura \u00e9 uma conquista da categoria<\/em>,<em> informa o Sindicato Nacional dos Fiscais Federais Agropecu\u00e1rios (Anffa Sindical)<\/em><\/p>\n<p>As negocia\u00e7\u00f5es entre servidores do Minist\u00e9rio da Agricultura, Pecu\u00e1ria e Abastecimento e o governo federal finalmente surtiram efeito, destaca a entidade.\u00a0 Os fiscais federais agropecu\u00e1rios ganharam uma nova denomina\u00e7\u00e3o para sua carreira. Desde a publica\u00e7\u00e3o no Di\u00e1rio Oficial da Uni\u00e3o (DOU) da \u00faltima sexta-feira (29\/7), eles s\u00e3o chamados de auditores fiscais federais agropecu\u00e1rios.<\/p>\n<p>A mudan\u00e7a \u00e9 apenas um reconhecimento, porque, na pr\u00e1tica, eles exercem fun\u00e7\u00f5es de auditoria h\u00e1 muito tempo, refor\u00e7a a nota. A altera\u00e7\u00e3o estava inclu\u00edda no Projeto de Lei de Convers\u00e3o n.\u00ba 33\/2016, que tamb\u00e9m trata do reajuste remunerat\u00f3rio, resultante de acordo com o Minist\u00e9rio do Planejamento, Or\u00e7amento e Gest\u00e3o em 2015.\u00a0 O texto aprovado autorizou reajuste de 5,5% nos contracheques de agosto e de 5,0% no de janeiro de 2017.<\/p>\n","protected":false},"excerpt":{"rendered":"<p>Mudan\u00e7a na nomenclatura \u00e9 uma conquista da categoria, informa o Sindicato Nacional dos Fiscais Federais Agropecu\u00e1rios (Anffa Sindical) As negocia\u00e7\u00f5es entre servidores do Minist\u00e9rio da Agricultura, Pecu\u00e1ria e Abastecimento e o governo federal finalmente surtiram efeito, destaca a entidade.\u00a0 Os fiscais federais agropecu\u00e1rios ganharam uma nova denomina\u00e7\u00e3o para sua carreira. Desde a publica\u00e7\u00e3o no Di\u00e1rio Oficial da Uni\u00e3o (DOU) da [&hellip;]<\/p>\n","protected":false},"author":27,"featured_media":0,"comment_status":"open","ping_status":"closed","sticky":false,"template":"","format":"standard","meta":{"footnotes":""},"categories":[2719],"tags":[13,225,3093,12,91,3094],"class_list":["post-2499","post","type-post","status-publish","format-standard","hentry","category-servidor","tag-agropecuarios","tag-anffa","tag-audiotes","tag-fiscais","tag-mudanca","tag-nomenclatura"],"_links":{"self":[{"href":"https:\/\/blogs.correiobraziliense.com.br\/servidor\/wp-json\/wp\/v2\/posts\/2499","targetHints":{"allow":["GET"]}}],"collection":[{"href":"https:\/\/blogs.correiobraziliense.com.br\/servidor\/wp-json\/wp\/v2\/posts"}],"about":[{"href":"https:\/\/blogs.correiobraziliense.com.br\/servidor\/wp-json\/wp\/v2\/types\/post"}],"author":[{"embeddable":true,"href":"https:\/\/blogs.correiobraziliense.com.br\/servidor\/wp-json\/wp\/v2\/users\/27"}],"replies":[{"embeddable":true,"href":"https:\/\/blogs.correiobraziliense.com.br\/servidor\/wp-json\/wp\/v2\/comments?post=2499"}],"version-history":[{"count":1,"href":"https:\/\/blogs.correiobraziliense.com.br\/servidor\/wp-json\/wp\/v2\/posts\/2499\/revisions"}],"predecessor-version":[{"id":2500,"href":"https:\/\/blogs.correiobraziliense.com.br\/servidor\/wp-json\/wp\/v2\/posts\/2499\/revisions\/2500"}],"wp:attachment":[{"href":"https:\/\/blogs.correiobraziliense.com.br\/servidor\/wp-json\/wp\/v2\/media?parent=2499"}],"wp:term":[{"taxonomy":"category","embeddable":true,"href":"https:\/\/blogs.correiobraziliense.com.br\/servidor\/wp-json\/wp\/v2\/categories?post=2499"},{"taxonomy":"post_tag","embeddable":true,"href":"https:\/\/blogs.correiobraziliense.com.br\/servidor\/wp-json\/wp\/v2\/tags?post=2499"}],"curies":[{"name":"wp","href":"https:\/\/api.w.org\/{rel}","templated":true}]}}