{"id":2495,"date":"2016-08-02T15:19:09","date_gmt":"2016-08-02T18:19:09","guid":{"rendered":"https:\/\/blogs.correiobraziliense.com.br\/servidor\/?p=2495"},"modified":"2016-08-02T15:24:26","modified_gmt":"2016-08-02T18:24:26","slug":"servidores-publicos-contra-aprovacao-do-plp-257-sao-barrados-no-congresso","status":"publish","type":"post","link":"https:\/\/blogs.correiobraziliense.com.br\/servidor\/servidores-publicos-contra-aprovacao-do-plp-257-sao-barrados-no-congresso\/","title":{"rendered":"Servidores p\u00fablicos contra a aprova\u00e7\u00e3o do PLP 257 foram barrados no Congresso"},"content":{"rendered":"<p>A Central dos Sindicatos Brasileiros (CSB) mant\u00e9m nesta ter\u00e7a-feira, dia 2, em Bras\u00edlia, uma agenda de luta e mobiliza\u00e7\u00e3o contr\u00e1ria \u00e0 aprova\u00e7\u00e3o do Projeto de Lei Complementar (PLP) 257, que est\u00e1 na pauta de vota\u00e7\u00e3o da C\u00e2mara dos Deputados. Segundo a Central, a Pol\u00edcia Legislativa n\u00e3o permitiu livre acesso dos trabalhadores \u00e0s depend\u00eancias da Casa.<\/p>\n<p>Dirigentes da CSB e v\u00e1rias categorias de servidores se concentram no Congresso Nacional com o objetivo de ampliar o corpo a corpo com deputados federais, no intuito de barrar a aprova\u00e7\u00e3o do PLP, que causar\u00e1, na an\u00e1lise da Central, danos graves aos trabalhadores do setor p\u00fablico em todo o pa\u00eds.<\/p>\n<p>&#8220;Ao propor a renegocia\u00e7\u00e3o das d\u00edvidas dos estados e do Distrito Federal com a Uni\u00e3o, o projeto transfere para as costas dos trabalhadores a responsabilidade pelo problema. O texto prev\u00ea o congelamento de sal\u00e1rios, a paralisa\u00e7\u00e3o de concursos p\u00fablicos, o aumento da contribui\u00e7\u00e3o previdenci\u00e1ria, al\u00e9m da privatiza\u00e7\u00e3o de servi\u00e7os, entre outros pontos&#8221;, informa a CSB.<\/p>\n<p>Ontem, dia 1\u00ba, o projeto chegou a ser colocado na pauta da C\u00e2mara, mas, ap\u00f3s atrasos no in\u00edcio da sess\u00e3o por falta de qu\u00f3rum, a vota\u00e7\u00e3o acabou ficando para esta ter\u00e7a.<\/p>\n<p><strong>Mobiliza\u00e7\u00e3o e trucul\u00eancia<\/strong><\/p>\n<p>A a\u00e7\u00e3o da CSB contra a aprova\u00e7\u00e3o do PLP come\u00e7ou logo cedo na segunda-feira, com um ato na \u00e1rea do desembarque dom\u00e9stico do Aeroporto Internacional de Bras\u00edlia. Dirigentes abordaram deputados federais que desembarcaram no local, com o objetivo de convenc\u00ea-los a n\u00e3o aprovar o texto do projeto.<\/p>\n<p>Durante toda a tarde e at\u00e9 o per\u00edodo da noite, a CSB tamb\u00e9m se manteve firme na C\u00e2mara dos Deputados. Parte do grupo se dirigiu ao plen\u00e1rio da Casa para acompanhar a sess\u00e3o legislativa. Outros dirigentes, no entanto, permaneceram do lado de fora do Congresso, protestando contra o PLP e tamb\u00e9m contra a trucul\u00eancia da Pol\u00edcia Legislativa, que n\u00e3o permitiu livre acesso dos trabalhadores \u00e0s depend\u00eancias da Casa.<\/p>\n<p>H\u00e1 informa\u00e7\u00f5es de que at\u00e9 mesmo spray de pimenta foi utilizado contra trabalhadores que estavam em seu livre direito de manifesta\u00e7\u00e3o.<\/p>\n<p>&#8220;Foi um dia bastante produtivo, desde as primeiras horas da manh\u00e3 com a manifesta\u00e7\u00e3o dos representantes de nossos sindicatos, e n\u00e3o h\u00e1 como negar que o adiamento do in\u00edcio do processo foi uma vit\u00f3ria. Por\u00e9m, tem que ficar registrado o que aconteceu \u00e0 tarde, com um total desrespeito \u00e0s pessoas, aos trabalhadores que exerciam seu sagrado direito de manifestar&#8221;, disse Cosme Nogueira, secret\u00e1rio de Forma\u00e7\u00e3o Sindical da CSB.<\/p>\n<p><img decoding=\"async\" class=\"aLF-aPX-J1-J3 aLF-aPX-aLK-ayr-auR\" src=\"https:\/\/mail.google.com\/1b3fad53-8208-422d-924b-47ec25b4880e\" alt=\"Exibindo _MG_5423.JPG\" \/><\/p>\n<p>&nbsp;<\/p>\n","protected":false},"excerpt":{"rendered":"<p>A Central dos Sindicatos Brasileiros (CSB) mant\u00e9m nesta ter\u00e7a-feira, dia 2, em Bras\u00edlia, uma agenda de luta e mobiliza\u00e7\u00e3o contr\u00e1ria \u00e0 aprova\u00e7\u00e3o do Projeto de Lei Complementar (PLP) 257, que est\u00e1 na pauta de vota\u00e7\u00e3o da C\u00e2mara dos Deputados. Segundo a Central, a Pol\u00edcia Legislativa n\u00e3o permitiu livre acesso dos trabalhadores \u00e0s depend\u00eancias da Casa. Dirigentes da CSB e v\u00e1rias [&hellip;]<\/p>\n","protected":false},"author":27,"featured_media":0,"comment_status":"open","ping_status":"closed","sticky":false,"template":"","format":"standard","meta":{"footnotes":""},"categories":[2719],"tags":[84,1497,3091,100,177,3084,3092,24,58],"class_list":["post-2495","post","type-post","status-publish","format-standard","hentry","category-servidor","tag-acesso","tag-aprovacao","tag-barrados","tag-congresso","tag-contra","tag-plp-257","tag-policia-legislativa","tag-publicos","tag-servidores"],"_links":{"self":[{"href":"https:\/\/blogs.correiobraziliense.com.br\/servidor\/wp-json\/wp\/v2\/posts\/2495","targetHints":{"allow":["GET"]}}],"collection":[{"href":"https:\/\/blogs.correiobraziliense.com.br\/servidor\/wp-json\/wp\/v2\/posts"}],"about":[{"href":"https:\/\/blogs.correiobraziliense.com.br\/servidor\/wp-json\/wp\/v2\/types\/post"}],"author":[{"embeddable":true,"href":"https:\/\/blogs.correiobraziliense.com.br\/servidor\/wp-json\/wp\/v2\/users\/27"}],"replies":[{"embeddable":true,"href":"https:\/\/blogs.correiobraziliense.com.br\/servidor\/wp-json\/wp\/v2\/comments?post=2495"}],"version-history":[{"count":3,"href":"https:\/\/blogs.correiobraziliense.com.br\/servidor\/wp-json\/wp\/v2\/posts\/2495\/revisions"}],"predecessor-version":[{"id":2498,"href":"https:\/\/blogs.correiobraziliense.com.br\/servidor\/wp-json\/wp\/v2\/posts\/2495\/revisions\/2498"}],"wp:attachment":[{"href":"https:\/\/blogs.correiobraziliense.com.br\/servidor\/wp-json\/wp\/v2\/media?parent=2495"}],"wp:term":[{"taxonomy":"category","embeddable":true,"href":"https:\/\/blogs.correiobraziliense.com.br\/servidor\/wp-json\/wp\/v2\/categories?post=2495"},{"taxonomy":"post_tag","embeddable":true,"href":"https:\/\/blogs.correiobraziliense.com.br\/servidor\/wp-json\/wp\/v2\/tags?post=2495"}],"curies":[{"name":"wp","href":"https:\/\/api.w.org\/{rel}","templated":true}]}}