{"id":2484,"date":"2016-08-01T15:25:22","date_gmt":"2016-08-01T18:25:22","guid":{"rendered":"https:\/\/blogs.correiobraziliense.com.br\/servidor\/?p=2484"},"modified":"2016-08-01T15:50:58","modified_gmt":"2016-08-01T18:50:58","slug":"servidores-do-itamaraty-deverao-entrar-em-greve","status":"publish","type":"post","link":"https:\/\/blogs.correiobraziliense.com.br\/servidor\/servidores-do-itamaraty-deverao-entrar-em-greve\/","title":{"rendered":"Servidores do Itamaraty dever\u00e3o entrar em greve"},"content":{"rendered":"<p><em>Sindicato Nacional dos Servidores do Minist\u00e9rio das Rela\u00e7\u00f5es Exteriores (Sinditamaraty) convocou assembleia geral extraordin\u00e1ria de urg\u00eancia, para amanh\u00e3, ter\u00e7a-feira (02\/08), para tratar do indicativo de greve da categoria<\/em><\/p>\n<div>\n<p>De acordo com o documento, os servidores est\u00e3o indignados com o &#8220;fracasso das negocia\u00e7\u00f5es com o Minist\u00e9rio do Planejamento, Desenvolvimento e Gest\u00e3o (MPOG) sobre a pauta de reivindica\u00e7\u00e3o da equipara\u00e7\u00e3o salarial (reenquadramento) das carreiras do Servi\u00e7o Exterior Brasileiro (SEB) \u00e0s carreiras t\u00edpicas de estado correlatas, aprovada na Assembleia Geral realizada em 25 de julho&#8221;. A reuni\u00e3o acontece amanh\u00e3,\u00a0 \u00e0s 14h, hor\u00e1rio de Bras\u00edlia, no Audit\u00f3rio Paulo Nogueira Batista, no Anexo II, Bolo de Noiva, T\u00e9rreo &#8211; Minist\u00e9rio das Rela\u00e7\u00f5es Exteriores, em Bras\u00edlia.<\/p>\n<p><em><strong>Reajuste de 10,8%<\/strong><\/em><\/p>\n<p>Os filiados do Sinditamaraty aprovaram reajuste salarial de 10,8% em uma \u00fanica parcela em janeiro de 2017. Dos servidores que participaram do pleito, 53,51% foram favor\u00e1veis \u00e0 proposta apresentada nesta em 25 de julho pelo Minist\u00e9rio do Planejamento, Desenvolvimento e Gest\u00e3o (MPOG). Os votos contr\u00e1rios totalizaram 45,82% e 0,67% dos votantes se abstiveram.<\/p>\n<p>O reajuste de 10,8%\u00a0 foi uma contraproposta feita pelo Sindicato. Pois, no \u00faltimo dia 21, o MPOG n\u00e3o aceitou o\u00a0 resultado da vota\u00e7\u00e3o da proposta salarial de reajuste e manteve a oferta de 27,9%.<\/p>\n<p>Segundo a presidente do Sinditamarty, Suellen Paz, a proposta \u00e9 baseada no acordo feito com as ag\u00eancias reguladoras. O objetivo \u00e9 repor pelo menos a perda salarial da infla\u00e7\u00e3o do per\u00edodo e manter um horizonte pr\u00f3ximo de negocia\u00e7\u00e3o do reenquadramento. \u201cBuscamos atender minimamente as diferentes expectativas dos integrantes das tr\u00eas carreiras em rela\u00e7\u00e3o ao tema e tem por objetivo possibilitar o avan\u00e7o nas negocia\u00e7\u00f5es\u201d, disse a presidente.<\/p>\n<div>\n<p>Em 26 de julho, o Sinditamaraty informou ao MPOG, que a categoria havia mantido os 10,8%, para 2017, desde que fosse &#8220;aplicado na folha de pagamentos de janeiro, com o compromisso de reenquadramento&#8221;. Em resposta, o Minist\u00e9rio convocou o sindicato para uma reuni\u00e3o, na tarde do dia 28, e informou que n\u00e3o poderia firmar o acordo com a vincula\u00e7\u00e3o ao reenquadramento e nem admitir a princ\u00edpio que estava de acordo com a medida.<\/p>\n<p>&#8220;O \u00fanico compromisso poss\u00edvel para aquele \u00f3rg\u00e3o seria a inclus\u00e3o de uma cl\u00e1usula para forma\u00e7\u00e3o de grupo de trabalho sem o estabelecimento de quaisquer condicionantes, ou seja, sem prazos e sem o compromisso de aprova\u00e7\u00e3o do estudo apresentado pelo sindicato. A assinatura do acordo restou assim prejudicada&#8221;, assinalou o Sinditamaraty.<\/p>\n<p>No informe o sindicato destacou que o MPOG refor\u00e7ou que, &#8220;considerando a expectativa de aprova\u00e7\u00e3o da PEC 241\/2016 no Congresso Nacional, que visa instituir um novo regime fiscal, \u00e9 poss\u00edvel que aquele \u00f3rg\u00e3o fique impossibilitado de negociar qualquer aumento para o funcionalismo p\u00fablico j\u00e1 que estes poderiam ficar restritos a um \u00edndice predeterminado e linear para todas as carreiras do funcionalismo p\u00fablico&#8221;.<\/p>\n<p>Para o Sinditamaraty, a \u00faltima proposta posta do minist\u00e9rio era inaceit\u00e1vel e potencialmente prejudicial para todas as carreiras.<\/p>\n<\/div>\n<\/div>\n","protected":false},"excerpt":{"rendered":"<p>Sindicato Nacional dos Servidores do Minist\u00e9rio das Rela\u00e7\u00f5es Exteriores (Sinditamaraty) convocou assembleia geral extraordin\u00e1ria de urg\u00eancia, para amanh\u00e3, ter\u00e7a-feira (02\/08), para tratar do indicativo de greve da categoria De acordo com o documento, os servidores est\u00e3o indignados com o &#8220;fracasso das negocia\u00e7\u00f5es com o Minist\u00e9rio do Planejamento, Desenvolvimento e Gest\u00e3o (MPOG) sobre a pauta de reivindica\u00e7\u00e3o da equipara\u00e7\u00e3o salarial (reenquadramento) [&hellip;]<\/p>\n","protected":false},"author":27,"featured_media":0,"comment_status":"open","ping_status":"closed","sticky":false,"template":"","format":"standard","meta":{"footnotes":""},"categories":[2719],"tags":[518,3082,15,1869,2421,2126,894,58,1960],"class_list":["post-2484","post","type-post","status-publish","format-standard","hentry","category-servidor","tag-assembleia","tag-fracasso","tag-greve","tag-itamaraty","tag-mpog","tag-mre","tag-negociacoes","tag-servidores","tag-urgencia"],"_links":{"self":[{"href":"https:\/\/blogs.correiobraziliense.com.br\/servidor\/wp-json\/wp\/v2\/posts\/2484","targetHints":{"allow":["GET"]}}],"collection":[{"href":"https:\/\/blogs.correiobraziliense.com.br\/servidor\/wp-json\/wp\/v2\/posts"}],"about":[{"href":"https:\/\/blogs.correiobraziliense.com.br\/servidor\/wp-json\/wp\/v2\/types\/post"}],"author":[{"embeddable":true,"href":"https:\/\/blogs.correiobraziliense.com.br\/servidor\/wp-json\/wp\/v2\/users\/27"}],"replies":[{"embeddable":true,"href":"https:\/\/blogs.correiobraziliense.com.br\/servidor\/wp-json\/wp\/v2\/comments?post=2484"}],"version-history":[{"count":3,"href":"https:\/\/blogs.correiobraziliense.com.br\/servidor\/wp-json\/wp\/v2\/posts\/2484\/revisions"}],"predecessor-version":[{"id":2487,"href":"https:\/\/blogs.correiobraziliense.com.br\/servidor\/wp-json\/wp\/v2\/posts\/2484\/revisions\/2487"}],"wp:attachment":[{"href":"https:\/\/blogs.correiobraziliense.com.br\/servidor\/wp-json\/wp\/v2\/media?parent=2484"}],"wp:term":[{"taxonomy":"category","embeddable":true,"href":"https:\/\/blogs.correiobraziliense.com.br\/servidor\/wp-json\/wp\/v2\/categories?post=2484"},{"taxonomy":"post_tag","embeddable":true,"href":"https:\/\/blogs.correiobraziliense.com.br\/servidor\/wp-json\/wp\/v2\/tags?post=2484"}],"curies":[{"name":"wp","href":"https:\/\/api.w.org\/{rel}","templated":true}]}}