{"id":2482,"date":"2016-08-01T14:31:42","date_gmt":"2016-08-01T17:31:42","guid":{"rendered":"https:\/\/blogs.correiobraziliense.com.br\/servidor\/?p=2482"},"modified":"2016-08-01T16:20:59","modified_gmt":"2016-08-01T19:20:59","slug":"governo-liberou-projetos-de-reajuste-salarial-do-restante-dos-servidores","status":"publish","type":"post","link":"https:\/\/blogs.correiobraziliense.com.br\/servidor\/governo-liberou-projetos-de-reajuste-salarial-do-restante-dos-servidores\/","title":{"rendered":"Governo liberou geral: projetos de reajuste salarial do restante dos servidores s\u00e3o publicados no DOU"},"content":{"rendered":"<p><em>Pressionado pelos servidores p\u00fablicos federais, que amea\u00e7avam greve inclusive no per\u00edodo das Olimp\u00edadas, na calada da noite de sexta-feira, 29 de julho, o Poder Executivo publicou, em Edi\u00e7\u00e3o Extra do Di\u00e1rio Oficial da Uni\u00e3o (DOU), todos os projetos &#8211; agora transformados em lei &#8211; que d\u00e3o aumento ao funcionalismo.<\/em><\/p>\n<p>O n\u00famero 145-A do DOU contempla praticamente todas as categorias e tudo o que exigiram &#8211; algumas coisas mais. As exce\u00e7\u00f5es foram, conforme o presidente interino Michel Temer havia se comprometido com os l\u00edderes do Congresso Nacional, a cria\u00e7\u00e3o de mais de 14 mil cargos e a &#8220;transposi\u00e7\u00e3o&#8221; de carreira. T\u00e9cnicos do Banco Central e da CGU n\u00e3o tiveram a permiss\u00e3o de acesso de n\u00edvel m\u00e9dio para n\u00edvel superior, embora eles tenham reiteradamente afirmado que n\u00e3o se tratava de transposi\u00e7\u00e3o.<\/p>\n<p>Entre os PLs que estavam na Casa Civil, est\u00e3o pendentes apenas os dos auditores do trabalho (prestes a sair) &#8211; e as carreiras do Itamaraty, que ainda n\u00e3o assinaram.\u00a0 Tamb\u00e9m n\u00e3o est\u00e3o no bolo, as propostas para reajuste do defensor e do procurador-geral da Rep\u00fablica e dos ministros do Supremo, que t\u00eam efeito-cascata.<\/p>\n","protected":false},"excerpt":{"rendered":"<p>Pressionado pelos servidores p\u00fablicos federais, que amea\u00e7avam greve inclusive no per\u00edodo das Olimp\u00edadas, na calada da noite de sexta-feira, 29 de julho, o Poder Executivo publicou, em Edi\u00e7\u00e3o Extra do Di\u00e1rio Oficial da Uni\u00e3o (DOU), todos os projetos &#8211; agora transformados em lei &#8211; que d\u00e3o aumento ao funcionalismo. O n\u00famero 145-A do DOU contempla praticamente todas as categorias e [&hellip;]<\/p>\n","protected":false},"author":27,"featured_media":0,"comment_status":"open","ping_status":"closed","sticky":false,"template":"","format":"standard","meta":{"footnotes":""},"categories":[2719],"tags":[693,1769,59,2907,98,3079,1300,3081,24,63,3080,18,58],"class_list":["post-2482","post","type-post","status-publish","format-standard","hentry","category-servidor","tag-congresso-nacional","tag-dou","tag-federais","tag-geral","tag-governo","tag-liberou","tag-projetos","tag-publicados","tag-publicos","tag-reajuste","tag-restante","tag-salarial","tag-servidores"],"_links":{"self":[{"href":"https:\/\/blogs.correiobraziliense.com.br\/servidor\/wp-json\/wp\/v2\/posts\/2482","targetHints":{"allow":["GET"]}}],"collection":[{"href":"https:\/\/blogs.correiobraziliense.com.br\/servidor\/wp-json\/wp\/v2\/posts"}],"about":[{"href":"https:\/\/blogs.correiobraziliense.com.br\/servidor\/wp-json\/wp\/v2\/types\/post"}],"author":[{"embeddable":true,"href":"https:\/\/blogs.correiobraziliense.com.br\/servidor\/wp-json\/wp\/v2\/users\/27"}],"replies":[{"embeddable":true,"href":"https:\/\/blogs.correiobraziliense.com.br\/servidor\/wp-json\/wp\/v2\/comments?post=2482"}],"version-history":[{"count":2,"href":"https:\/\/blogs.correiobraziliense.com.br\/servidor\/wp-json\/wp\/v2\/posts\/2482\/revisions"}],"predecessor-version":[{"id":2488,"href":"https:\/\/blogs.correiobraziliense.com.br\/servidor\/wp-json\/wp\/v2\/posts\/2482\/revisions\/2488"}],"wp:attachment":[{"href":"https:\/\/blogs.correiobraziliense.com.br\/servidor\/wp-json\/wp\/v2\/media?parent=2482"}],"wp:term":[{"taxonomy":"category","embeddable":true,"href":"https:\/\/blogs.correiobraziliense.com.br\/servidor\/wp-json\/wp\/v2\/categories?post=2482"},{"taxonomy":"post_tag","embeddable":true,"href":"https:\/\/blogs.correiobraziliense.com.br\/servidor\/wp-json\/wp\/v2\/tags?post=2482"}],"curies":[{"name":"wp","href":"https:\/\/api.w.org\/{rel}","templated":true}]}}