{"id":2475,"date":"2016-08-01T12:48:07","date_gmt":"2016-08-01T15:48:07","guid":{"rendered":"https:\/\/blogs.correiobraziliense.com.br\/servidor\/?p=2475"},"modified":"2016-08-01T12:48:07","modified_gmt":"2016-08-01T15:48:07","slug":"servidores-publicos-se-mobilizam-contra-aprovacao-do-plp-257","status":"publish","type":"post","link":"https:\/\/blogs.correiobraziliense.com.br\/servidor\/servidores-publicos-se-mobilizam-contra-aprovacao-do-plp-257\/","title":{"rendered":"Servidores p\u00fablicos se mobilizam contra a aprova\u00e7\u00e3o do PLP 257"},"content":{"rendered":"<p><i>CSB organiza uma s\u00e9rie de manifesta\u00e7\u00f5es a partir desta segunda-feira em Bras\u00edlia<\/i><\/p>\n<p>A Central dos Sindicatos Brasileiros (CSB) far\u00e1, a partir desta segunda-feira, dia 1\u00ba, em Bras\u00edlia, uma s\u00e9rie de atos e mobiliza\u00e7\u00f5es contra a vota\u00e7\u00e3o do Projeto de Lei Complementar (PLP) 257.<\/p>\n<p>De acordo com a Central, com o argumento de que pretende renegociar as d\u00edvidas dos estados e do Distrito Federal com a Uni\u00e3o, o PLP 257 poder\u00e1 impor aos servidores p\u00fablicos uma s\u00e9rie de perdas e retrocessos, incluindo o congelamento de sal\u00e1rios e a retirada de direitos j\u00e1 garantidos e consolidados ao longo dos anos.<\/p>\n<p>Com a volta dos deputados federais \u00e0 ativa ap\u00f3s o recesso, o presidente da C\u00e2mara, Rodrigo Maia, convocou uma sess\u00e3o extraordin\u00e1ria para esta segunda-feira (01\/08), \u00e0s 16h, e incluiu o PLP 257 na pauta.<\/p>\n<p>&#8220;Diante deste cen\u00e1rio que poder\u00e1 causar danos a todos os servidores p\u00fablicos do pa\u00eds, a CSB trabalha para pressionar e conscientizar os deputados federais e toda a sociedade sobre o impacto negativo da aprova\u00e7\u00e3o da proposta&#8221;, informa o documento.<\/p>\n<p>O objetivo \u00e9 garantir que os trechos do PLP que trazem preju\u00edzos aos servidores sejam retirados do texto original do projeto.<\/p>\n<p>Desde o in\u00edcio da manh\u00e3 desta segunda-feira, servidores e dirigentes est\u00e3o em um ato no Aeroporto Internacional de Bras\u00edlia, com uma panfletagem no desembarque do terminal a\u00e9reo.<\/p>\n<p>Tamb\u00e9m nesta segunda, \u00e0s 14h, est\u00e1 prevista uma plen\u00e1ria na sede do Sindicato dos Policiais Federais no Distrito Federal (Sindipol\/DF). Outras a\u00e7\u00f5es dever\u00e3o ocorrer diretamente no Congresso Nacional.<\/p>\n<p>&#8220;Os trabalhadores do setor p\u00fablico n\u00e3o s\u00e3o os respons\u00e1veis pela situa\u00e7\u00e3o econ\u00f4mica e financeira dos estados e, por isso, n\u00e3o podem ser penalizados. Convocamos todos os servidores p\u00fablicos a estarem unidos neste momento de luta. N\u00e3o podemos recuar&#8221;, afirma o presidente da CSB, Antonio Neto.<\/p>\n<p><strong>\u00a0<\/strong><\/p>\n<p><strong>Confira a agenda de mobiliza\u00e7\u00f5es contra o PLP 257:<\/strong><\/p>\n<p><strong>&#8211; Atos nos aeroportos<\/strong><\/p>\n<p>Panfletagem e mobiliza\u00e7\u00f5es nos terminais a\u00e9reos na segunda-feira (01\/08) e na ter\u00e7a-feira (02\/08).<\/p>\n<p><strong>&#8211; Plen\u00e1ria dos servidores em Bras\u00edlia<\/strong><\/p>\n<p>Na segunda (01\/08), \u00e0s 14h, na sede do Sindipol\/DF: Setor de Clubes Esportivo Sul &#8211; SCES &#8211; Trecho 02 &#8211; Lotes 02\/51.<\/p>\n<p><strong>&#8211; A\u00e7\u00f5es no Congresso Nacional<\/strong><\/p>\n<p>Atos e mobiliza\u00e7\u00f5es na ter\u00e7a-feira (02\/08) e na quarta-feira (03\/08).<\/p>\n","protected":false},"excerpt":{"rendered":"<p>CSB organiza uma s\u00e9rie de manifesta\u00e7\u00f5es a partir desta segunda-feira em Bras\u00edlia A Central dos Sindicatos Brasileiros (CSB) far\u00e1, a partir desta segunda-feira, dia 1\u00ba, em Bras\u00edlia, uma s\u00e9rie de atos e mobiliza\u00e7\u00f5es contra a vota\u00e7\u00e3o do Projeto de Lei Complementar (PLP) 257. De acordo com a Central, com o argumento de que pretende renegociar as d\u00edvidas dos estados e [&hellip;]<\/p>\n","protected":false},"author":27,"featured_media":0,"comment_status":"open","ping_status":"closed","sticky":false,"template":"","format":"standard","meta":{"footnotes":""},"categories":[2719],"tags":[603,177,1734,2420,3075,3076,24,58,1114],"class_list":["post-2475","post","type-post","status-publish","format-standard","hentry","category-servidor","tag-aeroportos","tag-contra","tag-manifestacoes","tag-mobilizam","tag-plb-257","tag-plenaia","tag-publicos","tag-servidores","tag-sindipoldf"],"_links":{"self":[{"href":"https:\/\/blogs.correiobraziliense.com.br\/servidor\/wp-json\/wp\/v2\/posts\/2475","targetHints":{"allow":["GET"]}}],"collection":[{"href":"https:\/\/blogs.correiobraziliense.com.br\/servidor\/wp-json\/wp\/v2\/posts"}],"about":[{"href":"https:\/\/blogs.correiobraziliense.com.br\/servidor\/wp-json\/wp\/v2\/types\/post"}],"author":[{"embeddable":true,"href":"https:\/\/blogs.correiobraziliense.com.br\/servidor\/wp-json\/wp\/v2\/users\/27"}],"replies":[{"embeddable":true,"href":"https:\/\/blogs.correiobraziliense.com.br\/servidor\/wp-json\/wp\/v2\/comments?post=2475"}],"version-history":[{"count":1,"href":"https:\/\/blogs.correiobraziliense.com.br\/servidor\/wp-json\/wp\/v2\/posts\/2475\/revisions"}],"predecessor-version":[{"id":2476,"href":"https:\/\/blogs.correiobraziliense.com.br\/servidor\/wp-json\/wp\/v2\/posts\/2475\/revisions\/2476"}],"wp:attachment":[{"href":"https:\/\/blogs.correiobraziliense.com.br\/servidor\/wp-json\/wp\/v2\/media?parent=2475"}],"wp:term":[{"taxonomy":"category","embeddable":true,"href":"https:\/\/blogs.correiobraziliense.com.br\/servidor\/wp-json\/wp\/v2\/categories?post=2475"},{"taxonomy":"post_tag","embeddable":true,"href":"https:\/\/blogs.correiobraziliense.com.br\/servidor\/wp-json\/wp\/v2\/tags?post=2475"}],"curies":[{"name":"wp","href":"https:\/\/api.w.org\/{rel}","templated":true}]}}