{"id":2469,"date":"2016-08-01T11:52:47","date_gmt":"2016-08-01T14:52:47","guid":{"rendered":"https:\/\/blogs.correiobraziliense.com.br\/servidor\/?p=2469"},"modified":"2016-08-01T11:52:47","modified_gmt":"2016-08-01T14:52:47","slug":"policia-civil-do-df-pressiona-por-aumento","status":"publish","type":"post","link":"https:\/\/blogs.correiobraziliense.com.br\/servidor\/policia-civil-do-df-pressiona-por-aumento\/","title":{"rendered":"Pol\u00edcia Civil do DF pressiona por aumento e amea\u00e7a entrega de cargos de chefia"},"content":{"rendered":"<p><em>Os policiais civis do Distrito Federal se re\u00fanem hoje, \u00e0s 14 horas, no Clube da Agepol. A categoria est\u00e1 indignada porque Temer deu praticamente tudo que os federais pediram, mas o governador Rollemberg sequer enviou ao Planalto as reivindica\u00e7\u00f5es do pessoal do DF &#8211; que inclui isonomia com a PF -, alegando falta de recursos<\/em><\/p>\n<p>De acordo com o Sindicato\u00a0 dos Policiais Civis do Distrito Federal (Sinpol-DF), a reuni\u00e3o \u00e9 para &#8220;avaliar o momento ideal de entrega de todas as chefias como forma de pressionar o governo do DF a enviar a mensagem ao governo federal mantendo isonomia jur\u00eddica, legal e hist\u00f3rica com a Pol\u00edcia Federal&#8221;. Est\u00e1 tamb\u00e9m em\u00a0 avalia\u00e7\u00e3o a segunda fase da Opera\u00e7\u00e3o PCDF Legal.<\/p>\n<p>A revolta dos civis tomou for\u00e7a ap\u00f3s a divulga\u00e7\u00e3o, na sexta-feira, de que o presidente interino da Rep\u00fablica, Michel Temer, cedeu e assinou acordo com os delegados da PF. Na convoca\u00e7\u00e3o, o Sinpol chama para a reuni\u00e3o todos os chefes de se\u00e7\u00e3o, de plant\u00e3o, diretores de divis\u00f5es e departamento, de todas as unidades da PCDF. Em Bras\u00edlia, no entanto, h\u00e1 quem aposte que a iniciativa n\u00e3o ter\u00e1 sucesso, pois os chef\u00f5es locais estariam &#8220;totalmente comprometidos politicamente&#8221;, dizem fontes.<\/p>\n<p>&nbsp;<\/p>\n<p>&nbsp;<\/p>\n<p>&nbsp;<\/p>\n","protected":false},"excerpt":{"rendered":"<p>Os policiais civis do Distrito Federal se re\u00fanem hoje, \u00e0s 14 horas, no Clube da Agepol. A categoria est\u00e1 indignada porque Temer deu praticamente tudo que os federais pediram, mas o governador Rollemberg sequer enviou ao Planalto as reivindica\u00e7\u00f5es do pessoal do DF &#8211; que inclui isonomia com a PF -, alegando falta de recursos De acordo com o Sindicato\u00a0 [&hellip;]<\/p>\n","protected":false},"author":27,"featured_media":0,"comment_status":"open","ping_status":"closed","sticky":false,"template":"","format":"standard","meta":{"footnotes":""},"categories":[2719],"tags":[327,75,791,3065,68,1273,2254,319,1716,3064,3066,1895],"class_list":["post-2469","post","type-post","status-publish","format-standard","hentry","category-servidor","tag-ameaca","tag-aumento","tag-cargos","tag-chefia","tag-df","tag-entrega","tag-isonomia","tag-pf","tag-policia-civil","tag-pressiona","tag-rollemberg","tag-temer"],"_links":{"self":[{"href":"https:\/\/blogs.correiobraziliense.com.br\/servidor\/wp-json\/wp\/v2\/posts\/2469","targetHints":{"allow":["GET"]}}],"collection":[{"href":"https:\/\/blogs.correiobraziliense.com.br\/servidor\/wp-json\/wp\/v2\/posts"}],"about":[{"href":"https:\/\/blogs.correiobraziliense.com.br\/servidor\/wp-json\/wp\/v2\/types\/post"}],"author":[{"embeddable":true,"href":"https:\/\/blogs.correiobraziliense.com.br\/servidor\/wp-json\/wp\/v2\/users\/27"}],"replies":[{"embeddable":true,"href":"https:\/\/blogs.correiobraziliense.com.br\/servidor\/wp-json\/wp\/v2\/comments?post=2469"}],"version-history":[{"count":1,"href":"https:\/\/blogs.correiobraziliense.com.br\/servidor\/wp-json\/wp\/v2\/posts\/2469\/revisions"}],"predecessor-version":[{"id":2470,"href":"https:\/\/blogs.correiobraziliense.com.br\/servidor\/wp-json\/wp\/v2\/posts\/2469\/revisions\/2470"}],"wp:attachment":[{"href":"https:\/\/blogs.correiobraziliense.com.br\/servidor\/wp-json\/wp\/v2\/media?parent=2469"}],"wp:term":[{"taxonomy":"category","embeddable":true,"href":"https:\/\/blogs.correiobraziliense.com.br\/servidor\/wp-json\/wp\/v2\/categories?post=2469"},{"taxonomy":"post_tag","embeddable":true,"href":"https:\/\/blogs.correiobraziliense.com.br\/servidor\/wp-json\/wp\/v2\/tags?post=2469"}],"curies":[{"name":"wp","href":"https:\/\/api.w.org\/{rel}","templated":true}]}}