{"id":2461,"date":"2016-07-29T12:05:56","date_gmt":"2016-07-29T15:05:56","guid":{"rendered":"https:\/\/blogs.correiobraziliense.com.br\/servidor\/?p=2461"},"modified":"2016-07-29T12:05:56","modified_gmt":"2016-07-29T15:05:56","slug":"meirelles-fortalecido","status":"publish","type":"post","link":"https:\/\/blogs.correiobraziliense.com.br\/servidor\/meirelles-fortalecido\/","title":{"rendered":"Meirelles fortalecido"},"content":{"rendered":"<p><em><strong>PAULO SILVA PINTO<\/strong><\/em><\/p>\n<p><span style=\"color: #262626\"><span style=\"font-family: times\"><span lang=\"pt-BR\">O presidente interino, Michel Temer, comunicou ao titular provis\u00f3rio do Minist\u00e9rio do Planejamento, Dyogo Oliveira, em encontro na manh\u00e3 de ontem, que a Secretaria de Or\u00e7amento Federal (SOF), hoje sob sua al\u00e7ada, ficar\u00e1 sob o <\/span><\/span><\/span><span style=\"color: #262626\"><span style=\"font-family: times\">comando<\/span><\/span> <span style=\"color: #262626\"><span style=\"font-family: times\"><span lang=\"pt-BR\">do Minist\u00e9rio da Fazenda. <\/span><\/span><\/span>A mudan\u00e7a atende a um pleito do ministro Henrique Meirelles, que j\u00e1 havia colocado sob seu comando o Instituto Nacional do Seguro Social (INSS) e, agora, ter\u00e1 seu poder ainda mais refor\u00e7ado.<\/p>\n<p>A gota d\u2019\u00e1gua para Meirelles reivindicar a SOF foi o aumento salarial dos servidores p\u00fablicos da elite do Executivo, negociado pelo Planejamento. No entender da Fazenda, isso n\u00e3o poderia ter sido concedido no momento em que o governo prega a necessidade de um forte ajuste fiscal.<\/p>\n<p>T\u00e9cnicos da equipe econ\u00f4mica dizem que, com a SOF, Meirelles ter\u00e1 maior controle sobre os gastos, evitando empurrar para os anos seguinte montanhas de restos a pagar. Hoje, os processos de desembolso do governo come\u00e7am na SOF e s\u00e3o conclu\u00eddos na Secretaria do Tesouro, subordinada \u00e0 Fazenda.<\/p>\n<p>O presidente interino garantiu a Oliveira que a mudan\u00e7a n\u00e3o significar\u00e1 alijar o Planejamento das decis\u00f5es sobre gastos p\u00fablicos. A preocupa\u00e7\u00e3o de Temer \u00e9 de n\u00e3o melindrar o senador Romero Juc\u00e1 (PMDB-RR), presidente do partido e principal aliado na articula\u00e7\u00e3o do afastamento definitivo de Dilma Rousseff. Juc\u00e1 quer voltar ao Planejamento, do qual saiu por ser alvo das investiga\u00e7\u00f5es da Opera\u00e7\u00e3o Lava-Jato.<\/p>\n","protected":false},"excerpt":{"rendered":"<p>PAULO SILVA PINTO O presidente interino, Michel Temer, comunicou ao titular provis\u00f3rio do Minist\u00e9rio do Planejamento, Dyogo Oliveira, em encontro na manh\u00e3 de ontem, que a Secretaria de Or\u00e7amento Federal (SOF), hoje sob sua al\u00e7ada, ficar\u00e1 sob o comando do Minist\u00e9rio da Fazenda. A mudan\u00e7a atende a um pleito do ministro Henrique Meirelles, que j\u00e1 havia colocado sob seu comando [&hellip;]<\/p>\n","protected":false},"author":27,"featured_media":0,"comment_status":"open","ping_status":"closed","sticky":false,"template":"","format":"standard","meta":{"footnotes":""},"categories":[2719],"tags":[75,2255,9,3056,11,3058,2111,3,18,58,3057,1895],"class_list":["post-2461","post","type-post","status-publish","format-standard","hentry","category-servidor","tag-aumento","tag-dyogo-oliveira","tag-executivo","tag-fortalecido","tag-inss","tag-juca","tag-meirelles","tag-planejamento","tag-salarial","tag-servidores","tag-sof","tag-temer"],"_links":{"self":[{"href":"https:\/\/blogs.correiobraziliense.com.br\/servidor\/wp-json\/wp\/v2\/posts\/2461","targetHints":{"allow":["GET"]}}],"collection":[{"href":"https:\/\/blogs.correiobraziliense.com.br\/servidor\/wp-json\/wp\/v2\/posts"}],"about":[{"href":"https:\/\/blogs.correiobraziliense.com.br\/servidor\/wp-json\/wp\/v2\/types\/post"}],"author":[{"embeddable":true,"href":"https:\/\/blogs.correiobraziliense.com.br\/servidor\/wp-json\/wp\/v2\/users\/27"}],"replies":[{"embeddable":true,"href":"https:\/\/blogs.correiobraziliense.com.br\/servidor\/wp-json\/wp\/v2\/comments?post=2461"}],"version-history":[{"count":1,"href":"https:\/\/blogs.correiobraziliense.com.br\/servidor\/wp-json\/wp\/v2\/posts\/2461\/revisions"}],"predecessor-version":[{"id":2462,"href":"https:\/\/blogs.correiobraziliense.com.br\/servidor\/wp-json\/wp\/v2\/posts\/2461\/revisions\/2462"}],"wp:attachment":[{"href":"https:\/\/blogs.correiobraziliense.com.br\/servidor\/wp-json\/wp\/v2\/media?parent=2461"}],"wp:term":[{"taxonomy":"category","embeddable":true,"href":"https:\/\/blogs.correiobraziliense.com.br\/servidor\/wp-json\/wp\/v2\/categories?post=2461"},{"taxonomy":"post_tag","embeddable":true,"href":"https:\/\/blogs.correiobraziliense.com.br\/servidor\/wp-json\/wp\/v2\/tags?post=2461"}],"curies":[{"name":"wp","href":"https:\/\/api.w.org\/{rel}","templated":true}]}}