{"id":2451,"date":"2016-07-28T17:33:26","date_gmt":"2016-07-28T20:33:26","guid":{"rendered":"https:\/\/blogs.correiobraziliense.com.br\/servidor\/?p=2451"},"modified":"2016-07-28T17:33:26","modified_gmt":"2016-07-28T20:33:26","slug":"correios-inicia-atendimento-telefonico-deficientes-auditivos","status":"publish","type":"post","link":"https:\/\/blogs.correiobraziliense.com.br\/servidor\/correios-inicia-atendimento-telefonico-deficientes-auditivos\/","title":{"rendered":"Correios inicia atendimento telef\u00f4nico a deficientes auditivos"},"content":{"rendered":"<p><em>A Central de Atendimento dos Correios (CAC) passou a atender, esta semana, clientes portadores de defici\u00eancia auditiva por meio de um n\u00famero telef\u00f4nico exclusivo.<\/em><\/p>\n<p>Os usu\u00e1rios poder\u00e3o obter informa\u00e7\u00f5es sobre produtos e servi\u00e7os ou registrar manifesta\u00e7\u00f5es, pelo 0800 725 0898, de segunda a sexta, das 8 \u00e0s 20 horas, e aos s\u00e1bados, das 8 \u00e0s 14 horas. A CAC n\u00e3o atende aos domingos e feriados nacionais.<\/p>\n<p>As liga\u00e7\u00f5es poder\u00e3o ser efetuadas a partir de um Terminal Telef\u00f4nico para Surdos (TTS). O atendimento realizado pela CAC consiste em um sistema que, ao receber liga\u00e7\u00f5es desses terminais, estabelece comunica\u00e7\u00e3o por meio de mensagens de texto.<\/p>\n<p>Segundo o \u00faltimo censo, realizado em 2010 pelo Instituto Brasileiro de Geografia e Estat\u00edstica (IBGE), h\u00e1 cerca de 10 milh\u00f5es de portadores de defici\u00eancia auditiva no Brasil. A iniciativa dos Correios dissemina o programa Pr\u00f3-Equidade, do Governo Federal, al\u00e9m de acatar o decreto n\u00ba 5.296\/2004, que exige a instala\u00e7\u00e3o de telefones adaptados para atendimento a pessoas surdas ou com defici\u00eancia auditiva.<\/p>\n","protected":false},"excerpt":{"rendered":"<p>A Central de Atendimento dos Correios (CAC) passou a atender, esta semana, clientes portadores de defici\u00eancia auditiva por meio de um n\u00famero telef\u00f4nico exclusivo. Os usu\u00e1rios poder\u00e3o obter informa\u00e7\u00f5es sobre produtos e servi\u00e7os ou registrar manifesta\u00e7\u00f5es, pelo 0800 725 0898, de segunda a sexta, das 8 \u00e0s 20 horas, e aos s\u00e1bados, das 8 \u00e0s 14 horas. A CAC n\u00e3o [&hellip;]<\/p>\n","protected":false},"author":27,"featured_media":0,"comment_status":"open","ping_status":"closed","sticky":false,"template":"","format":"standard","meta":{"footnotes":""},"categories":[2719],"tags":[551,3045,553,20,3044,3046,2231,3043,1322,3047],"class_list":["post-2451","post","type-post","status-publish","format-standard","hentry","category-servidor","tag-atendimento","tag-auditivo","tag-cac","tag-correios","tag-dficientes","tag-exclusivo","tag-numero","tag-telefonico","tag-texto","tag-tts"],"_links":{"self":[{"href":"https:\/\/blogs.correiobraziliense.com.br\/servidor\/wp-json\/wp\/v2\/posts\/2451","targetHints":{"allow":["GET"]}}],"collection":[{"href":"https:\/\/blogs.correiobraziliense.com.br\/servidor\/wp-json\/wp\/v2\/posts"}],"about":[{"href":"https:\/\/blogs.correiobraziliense.com.br\/servidor\/wp-json\/wp\/v2\/types\/post"}],"author":[{"embeddable":true,"href":"https:\/\/blogs.correiobraziliense.com.br\/servidor\/wp-json\/wp\/v2\/users\/27"}],"replies":[{"embeddable":true,"href":"https:\/\/blogs.correiobraziliense.com.br\/servidor\/wp-json\/wp\/v2\/comments?post=2451"}],"version-history":[{"count":1,"href":"https:\/\/blogs.correiobraziliense.com.br\/servidor\/wp-json\/wp\/v2\/posts\/2451\/revisions"}],"predecessor-version":[{"id":2452,"href":"https:\/\/blogs.correiobraziliense.com.br\/servidor\/wp-json\/wp\/v2\/posts\/2451\/revisions\/2452"}],"wp:attachment":[{"href":"https:\/\/blogs.correiobraziliense.com.br\/servidor\/wp-json\/wp\/v2\/media?parent=2451"}],"wp:term":[{"taxonomy":"category","embeddable":true,"href":"https:\/\/blogs.correiobraziliense.com.br\/servidor\/wp-json\/wp\/v2\/categories?post=2451"},{"taxonomy":"post_tag","embeddable":true,"href":"https:\/\/blogs.correiobraziliense.com.br\/servidor\/wp-json\/wp\/v2\/tags?post=2451"}],"curies":[{"name":"wp","href":"https:\/\/api.w.org\/{rel}","templated":true}]}}