{"id":244,"date":"2015-06-15T21:34:00","date_gmt":"2015-06-15T21:34:00","guid":{"rendered":"https:\/\/blogs.correiobraziliense.com.br\/servidor\/cut_contra_regras_que_prejudiquem_aposentadoria\/"},"modified":"2015-06-15T21:34:00","modified_gmt":"2015-06-15T21:34:00","slug":"cut_contra_regras_que_prejudiquem_aposentadoria","status":"publish","type":"post","link":"https:\/\/blogs.correiobraziliense.com.br\/servidor\/cut_contra_regras_que_prejudiquem_aposentadoria\/","title":{"rendered":"CUT CONTRA REGRAS QUE PREJUDIQUEM APOSENTADORIA"},"content":{"rendered":"<p>O  presidente da CUT, Vagner Freitas, considerou ruim a reuni\u00e3o que o governo  marcou para esta segunda-feira (15) com as centrais sindicais para apresentar uma alternativa \u00e0 f\u00f3rmula 85\/95, que substitui o fator  previdenci\u00e1rio, criado em 1998 por FHC. <\/p>\n<p> \u201cO  governo n\u00e3o apresentou nenhuma proposta. Os ministros disseram apenas que a  presidenta Dilma Rousseff est\u00e1 ponderando sobre a decis\u00e3o que vai tomar e queria ouvir os sindicalistas\u201d.  <\/p>\n<p>Dilma  tem at\u00e9 quarta-feira (17) para vetar ou sancionar as altera\u00e7\u00f5es aprovadas pelos  deputados e senadores sobre o novo c\u00e1lculo da previd\u00eancia que diminui as perdas  das aposentadorias. &nbsp; Segundo  Vagner, os ministros fizeram uma apresenta\u00e7\u00e3o que concluiu, basicamente, que o  85\/95 n\u00e3o \u00e9 uma boa sa\u00edda porque, em 2060, a Previd\u00eancia Social estaria  totalmente falida se a regra for aplicada.  <\/p>\n<p>Para  Vagner &#8220;\u00e9 essencial que a presidenta sancione aquilo que foi aprovado no  &nbsp;Congresso. A regra 85\/95 repara parcela dos danos provocados pelo fator  previdenci\u00e1rio\u201d.  <\/p>\n<p>Ele  disse aos ministros, no entrando, que a CUT est\u00e1 disposta a dialogar para achar  uma solu\u00e7\u00e3o para a Previd\u00eancia, mas que isso est\u00e1 condicionado \u00e0 entrada em  vigor da regra aprovada no Congresso.  <\/p>\n<p>\u201cO  debate sobre as adapta\u00e7\u00f5es que precisam ser feitas para garantir o equil\u00edbrio  das contas da Previd\u00eancia Social no futuro deve ser feito a partir da san\u00e7\u00e3o da  f\u00f3rmula 85\/95\u201d, pontuou Vagner.  <\/p>\n<p>Para  o dirigente, o pr\u00f3prio governo provocou essa situa\u00e7\u00e3o ao editar as Medidas  Provis\u00f3rias 664 e 665, que restringem o acesso a benef\u00edcios previdenci\u00e1rios,  seguro-desemprego e abono salarial, sem conversar com o movimento  sindical.  <\/p>\n<p>Agora,  t\u00e9cnicos e ministros do governo dizem que n\u00e3o d\u00e1 para acabar com o fator e  aprovar a regra 85\/95, mais justa para a classe trabalhadora, mas que o governo  teria uma boa proposta. No entanto, chamou os sindicalistas para uma reuni\u00e3o,  n\u00e3o apresentou nada e disse que a f\u00f3rmula aprovada no Congresso \u00e9 invi\u00e1vel,  criticou Vagner.  <\/p>\n<p>\u201cSe  tem uma coisa melhor para os\/as trabalhadores\/as n\u00e3o precisa vetar, mant\u00e9m o  85\/95 e, depois, discute uma proposta melhor\u201d, concluiu o presidente da  CUT. <\/p>\n<p>Bras\u00edlia, 21h34min <\/p>\n","protected":false},"excerpt":{"rendered":"<p>O presidente da CUT, Vagner Freitas, considerou ruim a reuni\u00e3o que o governo marcou para esta segunda-feira (15) com as centrais sindicais para apresentar uma alternativa \u00e0 f\u00f3rmula 85\/95, que substitui o fator previdenci\u00e1rio, criado em 1998 por FHC. \u201cO governo n\u00e3o apresentou nenhuma proposta. Os ministros disseram apenas que a presidenta Dilma Rousseff est\u00e1 ponderando sobre a decis\u00e3o que [&hellip;]<\/p>\n","protected":false},"author":27,"featured_media":0,"comment_status":"open","ping_status":"open","sticky":false,"template":"","format":"standard","meta":{"footnotes":""},"categories":[1],"tags":[],"class_list":["post-244","post","type-post","status-publish","format-standard","hentry","category-sem-categoria"],"_links":{"self":[{"href":"https:\/\/blogs.correiobraziliense.com.br\/servidor\/wp-json\/wp\/v2\/posts\/244","targetHints":{"allow":["GET"]}}],"collection":[{"href":"https:\/\/blogs.correiobraziliense.com.br\/servidor\/wp-json\/wp\/v2\/posts"}],"about":[{"href":"https:\/\/blogs.correiobraziliense.com.br\/servidor\/wp-json\/wp\/v2\/types\/post"}],"author":[{"embeddable":true,"href":"https:\/\/blogs.correiobraziliense.com.br\/servidor\/wp-json\/wp\/v2\/users\/27"}],"replies":[{"embeddable":true,"href":"https:\/\/blogs.correiobraziliense.com.br\/servidor\/wp-json\/wp\/v2\/comments?post=244"}],"version-history":[{"count":0,"href":"https:\/\/blogs.correiobraziliense.com.br\/servidor\/wp-json\/wp\/v2\/posts\/244\/revisions"}],"wp:attachment":[{"href":"https:\/\/blogs.correiobraziliense.com.br\/servidor\/wp-json\/wp\/v2\/media?parent=244"}],"wp:term":[{"taxonomy":"category","embeddable":true,"href":"https:\/\/blogs.correiobraziliense.com.br\/servidor\/wp-json\/wp\/v2\/categories?post=244"},{"taxonomy":"post_tag","embeddable":true,"href":"https:\/\/blogs.correiobraziliense.com.br\/servidor\/wp-json\/wp\/v2\/tags?post=244"}],"curies":[{"name":"wp","href":"https:\/\/api.w.org\/{rel}","templated":true}]}}