{"id":2436,"date":"2016-07-28T12:30:43","date_gmt":"2016-07-28T15:30:43","guid":{"rendered":"https:\/\/blogs.correiobraziliense.com.br\/servidor\/?p=2436"},"modified":"2016-07-28T12:55:45","modified_gmt":"2016-07-28T15:55:45","slug":"mandado-de-despejo-aos-mandarins-do-mundo","status":"publish","type":"post","link":"https:\/\/blogs.correiobraziliense.com.br\/servidor\/mandado-de-despejo-aos-mandarins-do-mundo\/","title":{"rendered":"Mandado de despejo aos mandarins do mundo"},"content":{"rendered":"<div class=\"post-message \" dir=\"auto\">\n<p>Em resposta a um funcion\u00e1rio p\u00fablico de destacada carreira que pode fazer o pa\u00eds parar, que declarou, por escrito, no Blog do Vicente, que sua classe tem que ser respeitada como &#8220;autoridade de Estado e n\u00e3o como <em><strong>RELES<\/strong><\/em> servidores&#8221;, um leitor desse Blog, IGUALMENTE servidor, ap\u00f3s denunciar a arrog\u00e2ncia corporativa, pediu que esta jornalista publicasse, com o t\u00edtulo acima, o seguinte poema:<\/p>\n<p>Ultimatum<\/p>\n<p>Fora tu,<br \/>\nreles<br \/>\nesnobe<br \/>\nplebeu<br \/>\nE fora tu, imperialista das sucatas,<br \/>\ncharlat\u00e3o da sinceridade<br \/>\ne tu, da juba socialista, e tu, qualquer outro<\/p>\n<p>Ultimatum a todos eles<br \/>\ne a todos que sejam como eles,<br \/>\ntodos.<\/p>\n<p>Monte de tijolos com pretens\u00f5es a casa<br \/>\nin\u00fatil luxo, megalomania triunfante<br \/>\ne tu, Brasil, blague de Pedro \u00c1lvares Cabral<br \/>\nque nem te queria descobrir<\/p>\n<p>Ultimatum a v\u00f3s que confundis o humano com o popular,<br \/>\nque confundis tudo!<br \/>\nV\u00f3s, anarquistas deveras sinceros<br \/>\nsocialistas a invocar a sua qualidade de trabalhadores<br \/>\npara quererem deixar de trabalhar.<br \/>\nSim, todos v\u00f3s que representais o mundo,<br \/>\nhomens altos,<br \/>\npassai por baixo do meu desprezo.<br \/>\nPassai aristocratas de tanga de ouro,<br \/>\npassai frouxos.<br \/>\nPassai radicais do pouco!<br \/>\nQuem acredita neles?<br \/>\nMandem tudo isso para casa<br \/>\ndescascar batatas simb\u00f3licas<\/p>\n<p>fechem-me isso tudo a chave<br \/>\ne deitem a chave fora.<br \/>\nSufoco de ter somente isso \u00e0 minha volta.<br \/>\nDeixem-me respirar!<br \/>\nAbram todas as janelas<br \/>\nAbram mais janelas<br \/>\ndo que todas as janelas que h\u00e1 no mundo.<\/p>\n<p>Nenhuma id\u00e9ia grande,<br \/>\nnenhuma corrente pol\u00edtica<br \/>\nque soe a uma id\u00e9ia gr\u00e3o!<br \/>\nE o mundo quer a intelig\u00eancia nova,<br \/>\na sensibilidade nova.<\/p>\n<p>O mundo tem sede de que se crie.<br \/>\nO que a\u00ed est\u00e1 a apodrecer a vida,<br \/>\nquando muito, \u00e9 estrume para o futuro.<br \/>\nO que a\u00ed est\u00e1 n\u00e3o pode durar<br \/>\nporque n\u00e3o \u00e9 nada.<\/p>\n<p>Eu, da ra\u00e7a dos navegadores,<br \/>\nafirmo que n\u00e3o pode durar!<br \/>\nEu, da ra\u00e7a dos descobridores,<br \/>\ndesprezo o que seja menos<br \/>\nque descobrir um novo mundo.<\/p>\n<p>Proclamo isso bem alto,<br \/>\nbra\u00e7os erguidos,<br \/>\nfitando o Atl\u00e2ntico<\/p>\n<p>e saudando abstratamente o infinito.<\/p>\n<p>\u00c1lvaro de Campos \u2013 1917<\/p>\n<\/div>\n","protected":false},"excerpt":{"rendered":"<p>Em resposta a um funcion\u00e1rio p\u00fablico de destacada carreira que pode fazer o pa\u00eds parar, que declarou, por escrito, no Blog do Vicente, que sua classe tem que ser respeitada como &#8220;autoridade de Estado e n\u00e3o como RELES servidores&#8221;, um leitor desse Blog, IGUALMENTE servidor, ap\u00f3s denunciar a arrog\u00e2ncia corporativa, pediu que esta jornalista publicasse, com o t\u00edtulo acima, o [&hellip;]<\/p>\n","protected":false},"author":27,"featured_media":0,"comment_status":"open","ping_status":"closed","sticky":false,"template":"","format":"standard","meta":{"footnotes":""},"categories":[2719],"tags":[3038,3037,3039,3034,56,3033,3035,1472,3036,8],"class_list":["post-2436","post","type-post","status-publish","format-standard","hentry","category-servidor","tag-arrogancia","tag-autoridade","tag-corporativa","tag-despejo","tag-estado","tag-mandado","tag-mandarins","tag-mundo","tag-reles","tag-servidor"],"_links":{"self":[{"href":"https:\/\/blogs.correiobraziliense.com.br\/servidor\/wp-json\/wp\/v2\/posts\/2436","targetHints":{"allow":["GET"]}}],"collection":[{"href":"https:\/\/blogs.correiobraziliense.com.br\/servidor\/wp-json\/wp\/v2\/posts"}],"about":[{"href":"https:\/\/blogs.correiobraziliense.com.br\/servidor\/wp-json\/wp\/v2\/types\/post"}],"author":[{"embeddable":true,"href":"https:\/\/blogs.correiobraziliense.com.br\/servidor\/wp-json\/wp\/v2\/users\/27"}],"replies":[{"embeddable":true,"href":"https:\/\/blogs.correiobraziliense.com.br\/servidor\/wp-json\/wp\/v2\/comments?post=2436"}],"version-history":[{"count":2,"href":"https:\/\/blogs.correiobraziliense.com.br\/servidor\/wp-json\/wp\/v2\/posts\/2436\/revisions"}],"predecessor-version":[{"id":2438,"href":"https:\/\/blogs.correiobraziliense.com.br\/servidor\/wp-json\/wp\/v2\/posts\/2436\/revisions\/2438"}],"wp:attachment":[{"href":"https:\/\/blogs.correiobraziliense.com.br\/servidor\/wp-json\/wp\/v2\/media?parent=2436"}],"wp:term":[{"taxonomy":"category","embeddable":true,"href":"https:\/\/blogs.correiobraziliense.com.br\/servidor\/wp-json\/wp\/v2\/categories?post=2436"},{"taxonomy":"post_tag","embeddable":true,"href":"https:\/\/blogs.correiobraziliense.com.br\/servidor\/wp-json\/wp\/v2\/tags?post=2436"}],"curies":[{"name":"wp","href":"https:\/\/api.w.org\/{rel}","templated":true}]}}