{"id":2427,"date":"2016-07-27T15:51:37","date_gmt":"2016-07-27T18:51:37","guid":{"rendered":"https:\/\/blogs.correiobraziliense.com.br\/servidor\/?p=2427"},"modified":"2016-07-27T15:51:37","modified_gmt":"2016-07-27T18:51:37","slug":"delegados-federais-farao-paralisacoes-nos-estados-e-em-aeroportos","status":"publish","type":"post","link":"https:\/\/blogs.correiobraziliense.com.br\/servidor\/delegados-federais-farao-paralisacoes-nos-estados-e-em-aeroportos\/","title":{"rendered":"Delegados federais far\u00e3o paralisa\u00e7\u00f5es nos estados e em aeroportos"},"content":{"rendered":"<p><em>A Associa\u00e7\u00e3o Nacional dos Delegados de Pol\u00edcia Federal (ADPF) vem a p\u00fablico comunicar a decis\u00e3o da categoria de entrar em estado indicativo de greve e de realizar atos p\u00fablicos at\u00e9 que o governo federal apresente, ao Congresso Nacional, o Projeto de Lei que trata da recomposi\u00e7\u00e3o das perdas inflacion\u00e1rias relativas ao per\u00edodo de 01\/2012 a 04\/2016. Primeiro ato ato p\u00fablico ser\u00e1 na sexta (29\/07), em todos os Estados. O segundo, na ter\u00e7a (02\/08), nos aeroportos do pa\u00eds<\/em><\/p>\n<p>A decis\u00e3o foi tomada pelos delegados federais em assembleia realizada na \u00faltima semana, ap\u00f3s o governo n\u00e3o cumprir o Termo de Acordo n\u00ba 006\/2016\/2016-MPOG, firmado em maio deste ano com a categoria.<\/p>\n<p>O primeiro ato p\u00fablico est\u00e1 marcado para a pr\u00f3xima sexta-feira (29\/07), nas unidades da Pol\u00edcia Federal em todos os Estados e no Distrito Federal, e o segundo acontecer\u00e1 na manh\u00e3 de ter\u00e7a-feira (02\/08), nos aeroportos de todo o pa\u00eds.<\/p>\n<p>A ADPF encaminhar\u00e1, na tarde desta quarta-feira (27\/07), of\u00edcios ao diretor-geral da Pol\u00edcia Federal, Leandro Daiello, ao ministro da Justi\u00e7a, Alexandre de Moraes, e ao ministro da Casa Civil da Presid\u00eancia da Rep\u00fablica, Eliseu Padilha, comunicando a paralisa\u00e7\u00e3o da categoria.<\/p>\n<p>Ainda n\u00e3o est\u00e1 descartada a deflagra\u00e7\u00e3o de movimento paredista caso o governo federal n\u00e3o encaminhe ao Congresso Nacional, at\u00e9 o dia 1\u00ba de agosto de 2016, o Projeto de Lei relativo ao Termo de Acordo n\u00ba 006\/2016-MPOG.<\/p>\n<p>Caso n\u00e3o haja avan\u00e7os por parte do governo sobre o acordo, ser\u00e1 convocada Assembleia Geral Extraordin\u00e1ria para as 15h do dia 2 de agosto, a fim de que a categoria delibere sobre a deflagra\u00e7\u00e3o do que pode vir a se concretizar como a primeira greve dos Delgados Federais na hist\u00f3ria da institui\u00e7\u00e3o.<\/p>\n","protected":false},"excerpt":{"rendered":"<p>A Associa\u00e7\u00e3o Nacional dos Delegados de Pol\u00edcia Federal (ADPF) vem a p\u00fablico comunicar a decis\u00e3o da categoria de entrar em estado indicativo de greve e de realizar atos p\u00fablicos at\u00e9 que o governo federal apresente, ao Congresso Nacional, o Projeto de Lei que trata da recomposi\u00e7\u00e3o das perdas inflacion\u00e1rias relativas ao per\u00edodo de 01\/2012 a 04\/2016. Primeiro ato ato p\u00fablico [&hellip;]<\/p>\n","protected":false},"author":27,"featured_media":0,"comment_status":"open","ping_status":"closed","sticky":false,"template":"","format":"standard","meta":{"footnotes":""},"categories":[2719],"tags":[348,603,3020,100,1248,232,943,98,15,1683,911,498,104,2835,1931],"class_list":["post-2427","post","type-post","status-publish","format-standard","hentry","category-servidor","tag-adpf","tag-aeroportos","tag-comunicar","tag-congresso","tag-decisao","tag-delegados","tag-estados","tag-governo","tag-greve","tag-indicativo","tag-inflacionarias","tag-paralisacoes","tag-policia-federal","tag-projeto-de-lei","tag-recomposicao"],"_links":{"self":[{"href":"https:\/\/blogs.correiobraziliense.com.br\/servidor\/wp-json\/wp\/v2\/posts\/2427","targetHints":{"allow":["GET"]}}],"collection":[{"href":"https:\/\/blogs.correiobraziliense.com.br\/servidor\/wp-json\/wp\/v2\/posts"}],"about":[{"href":"https:\/\/blogs.correiobraziliense.com.br\/servidor\/wp-json\/wp\/v2\/types\/post"}],"author":[{"embeddable":true,"href":"https:\/\/blogs.correiobraziliense.com.br\/servidor\/wp-json\/wp\/v2\/users\/27"}],"replies":[{"embeddable":true,"href":"https:\/\/blogs.correiobraziliense.com.br\/servidor\/wp-json\/wp\/v2\/comments?post=2427"}],"version-history":[{"count":1,"href":"https:\/\/blogs.correiobraziliense.com.br\/servidor\/wp-json\/wp\/v2\/posts\/2427\/revisions"}],"predecessor-version":[{"id":2428,"href":"https:\/\/blogs.correiobraziliense.com.br\/servidor\/wp-json\/wp\/v2\/posts\/2427\/revisions\/2428"}],"wp:attachment":[{"href":"https:\/\/blogs.correiobraziliense.com.br\/servidor\/wp-json\/wp\/v2\/media?parent=2427"}],"wp:term":[{"taxonomy":"category","embeddable":true,"href":"https:\/\/blogs.correiobraziliense.com.br\/servidor\/wp-json\/wp\/v2\/categories?post=2427"},{"taxonomy":"post_tag","embeddable":true,"href":"https:\/\/blogs.correiobraziliense.com.br\/servidor\/wp-json\/wp\/v2\/tags?post=2427"}],"curies":[{"name":"wp","href":"https:\/\/api.w.org\/{rel}","templated":true}]}}