{"id":241,"date":"2015-06-15T08:00:00","date_gmt":"2015-06-15T08:00:00","guid":{"rendered":"https:\/\/blogs.correiobraziliense.com.br\/servidor\/auditores-fiscais_da_receita_farao_quarto_dia_nacional_sem_computador\/"},"modified":"2015-06-15T08:00:00","modified_gmt":"2015-06-15T08:00:00","slug":"auditores-fiscais_da_receita_farao_quarto_dia_nacional_sem_computador","status":"publish","type":"post","link":"https:\/\/blogs.correiobraziliense.com.br\/servidor\/auditores-fiscais_da_receita_farao_quarto_dia_nacional_sem_computador\/","title":{"rendered":"AUDITORES-FISCAIS DA RECEITA FAR\u00c3O QUARTO DIA NACIONAL SEM COMPUTADOR"},"content":{"rendered":"<p> \tA quarta edi\u00e7\u00e3o do Dia Nacional sem Computador est\u00e1 marcada para  amanh\u00e3 (16\/6), segundo o Sindcato Nacional dos Auditores Fiscais da Receita Federal (Sindifisco). De acordo com a diretoria executiva nacional (DEN) da entidade, o n\u00famero de informa\u00e7\u00f5es que chegam ao Sindicato demonstra que a  mobiliza\u00e7\u00e3o cresce em ritmo apressado. <br style=\"font-family: Verdana,Arial,Helvetica,sans-serif\"> <\/p>\n<p>O movimento j\u00e1 tem resultados expressivos. &#8220;A rea\u00e7\u00e3o do governo, que tem  deflagrado opera\u00e7\u00f5es midi\u00e1ticas com o \u00fanico intuito de desmobilizar a  classe, deixa claro que a queda nos gerenciais j\u00e1 \u00e9 motivo de  preocupa\u00e7\u00e3o. O exemplo de que a Opera\u00e7\u00e3o Meta Zero \u00e9 uma assertiva vem  da 5\u00aa e 8\u00aa RF (Regi\u00f5es Fiscais). A dire\u00e7\u00e3o nacional teve acesso aos  dados gerenciais e constatou que o movimento j\u00e1 se reflete na queda dos  n\u00fameros&#8221;, destaca a nota.&nbsp; <\/p>\n<p>De acordo com o Sindifisco, os auditores fiscais n\u00e3o podem mais aceitar serem tratados de forma  desrespeitosa pelo governo. &#8220;O Sindifisco Nacional conclama todos para unidade em defesa do cargo e da pr\u00f3pria RFB  (Receita Federal do Brasil). Os pr\u00f3ximos dias sem computador est\u00e3o  agendados para 23 e 30 de junho. No proximo m\u00eas, os computadores  deixar\u00e3o de ser ligados duas vezes por semana&#8221;, assinala a dire\u00e7\u00e3o.  <\/p>\n<p>Bras\u00edlia, 08h00   <\/p>\n","protected":false},"excerpt":{"rendered":"<p>A quarta edi\u00e7\u00e3o do Dia Nacional sem Computador est\u00e1 marcada para amanh\u00e3 (16\/6), segundo o Sindcato Nacional dos Auditores Fiscais da Receita Federal (Sindifisco). De acordo com a diretoria executiva nacional (DEN) da entidade, o n\u00famero de informa\u00e7\u00f5es que chegam ao Sindicato demonstra que a mobiliza\u00e7\u00e3o cresce em ritmo apressado. O movimento j\u00e1 tem resultados expressivos. &#8220;A rea\u00e7\u00e3o do governo, [&hellip;]<\/p>\n","protected":false},"author":27,"featured_media":0,"comment_status":"open","ping_status":"open","sticky":false,"template":"","format":"standard","meta":{"footnotes":""},"categories":[1],"tags":[],"class_list":["post-241","post","type-post","status-publish","format-standard","hentry","category-sem-categoria"],"_links":{"self":[{"href":"https:\/\/blogs.correiobraziliense.com.br\/servidor\/wp-json\/wp\/v2\/posts\/241","targetHints":{"allow":["GET"]}}],"collection":[{"href":"https:\/\/blogs.correiobraziliense.com.br\/servidor\/wp-json\/wp\/v2\/posts"}],"about":[{"href":"https:\/\/blogs.correiobraziliense.com.br\/servidor\/wp-json\/wp\/v2\/types\/post"}],"author":[{"embeddable":true,"href":"https:\/\/blogs.correiobraziliense.com.br\/servidor\/wp-json\/wp\/v2\/users\/27"}],"replies":[{"embeddable":true,"href":"https:\/\/blogs.correiobraziliense.com.br\/servidor\/wp-json\/wp\/v2\/comments?post=241"}],"version-history":[{"count":0,"href":"https:\/\/blogs.correiobraziliense.com.br\/servidor\/wp-json\/wp\/v2\/posts\/241\/revisions"}],"wp:attachment":[{"href":"https:\/\/blogs.correiobraziliense.com.br\/servidor\/wp-json\/wp\/v2\/media?parent=241"}],"wp:term":[{"taxonomy":"category","embeddable":true,"href":"https:\/\/blogs.correiobraziliense.com.br\/servidor\/wp-json\/wp\/v2\/categories?post=241"},{"taxonomy":"post_tag","embeddable":true,"href":"https:\/\/blogs.correiobraziliense.com.br\/servidor\/wp-json\/wp\/v2\/tags?post=241"}],"curies":[{"name":"wp","href":"https:\/\/api.w.org\/{rel}","templated":true}]}}