{"id":2409,"date":"2016-07-26T17:24:07","date_gmt":"2016-07-26T20:24:07","guid":{"rendered":"https:\/\/blogs.correiobraziliense.com.br\/servidor\/?p=2409"},"modified":"2016-07-26T17:24:49","modified_gmt":"2016-07-26T20:24:49","slug":"auditores-fiscais-param-combate-ao-trabalho-escravo-partir-do-dia-2","status":"publish","type":"post","link":"https:\/\/blogs.correiobraziliense.com.br\/servidor\/auditores-fiscais-param-combate-ao-trabalho-escravo-partir-do-dia-2\/","title":{"rendered":"Auditores-fiscais param combate ao trabalho escravo a partir do dia 2 de agosto"},"content":{"rendered":"<p><i>Toda categoria est\u00e1 mobilizada por melhores condi\u00e7\u00f5es de trabalho e desde o dia 25, com \u201copera\u00e7\u00e3o padr\u00e3o\u201d em portos, aeroportos e rodovias, e protesto pelo descumprimento dos acordos assinados com o governo <\/i><\/p>\n<p>Os auditores-fiscais do Trabalho dos Grupos Especiais de Fiscaliza\u00e7\u00e3o M\u00f3vel (GEFM) &#8211; que combatem o trabalho escravo &#8211; v\u00e3o paralisar suas atividades a partir de ter\u00e7a-feira, 2 de agosto, por tempo indeterminado. A paralisa\u00e7\u00e3o \u00e9 em protesto pelo descumprimento, por parte do governo federal, dos acordos assinados para a melhoria das condi\u00e7\u00f5es de trabalho da categoria.<\/p>\n<p>Com a retomada da greve, apenas 30% de todos os servi\u00e7os prestados pela fiscaliza\u00e7\u00e3o do trabalho ser\u00e3o mantidos. Nesse per\u00edodo os auditores-fiscais que atuam no GEFM, por exemplo, ficar\u00e3o em atividades internas ligadas \u00e0s a\u00e7\u00f5es do grupo, como relat\u00f3rios, pesquisa e planejamento, entre outras, nas unidades do Minist\u00e9rio do Trabalho nos estados.<\/p>\n<p><strong>Opera\u00e7\u00e3o Padr\u00e3o<\/strong><\/p>\n<p>Desde o dia 25 de julho os auditores fazem \u201copera\u00e7\u00e3o padr\u00e3o\u201d pelo pa\u00eds, em portos, aeroportos e rodovias. As opera\u00e7\u00f5es t\u00eam o objetivo de verificar jornada de trabalho dos empregados nestas atividades.<\/p>\n<p>Nesta ter\u00e7a-feira (26) est\u00e1 a opera\u00e7\u00e3o \u00e9 no porto de Pernambuco. Tamb\u00e9m est\u00e3o previstas opera\u00e7\u00f5es nos portos do Esp\u00edrito Santo e Cear\u00e1, na sexta-feira (29); al\u00e9m de Santos\/SP e no Paran\u00e1 com datas a serem definidas.<\/p>\n<p>No aeroporto de Goi\u00e2nia\/GO a opera\u00e7\u00e3o ser\u00e1 nesta quarta-feira (27). Na quinta-feira (28) ser\u00e1 a vez dos aeroportos do Rio de Janeiro\/RJ e Teresina\/PI. Em Vit\u00f3ria\/ES tamb\u00e9m est\u00e1 prevista opera\u00e7\u00e3o para esta semana.<\/p>\n<p>Nas rodovias, as fiscaliza\u00e7\u00f5es ser\u00e3o intensificadas a partir desta quarta-feira (27).\u00a0 Est\u00e3o previstas opera\u00e7\u00f5es em Rond\u00f4nia, na quinta-feira (28), e Mato Grosso na sexta-feira (29). Tamb\u00e9m em Goi\u00e1s, com data a ser definida.<\/p>\n","protected":false},"excerpt":{"rendered":"<p>Toda categoria est\u00e1 mobilizada por melhores condi\u00e7\u00f5es de trabalho e desde o dia 25, com \u201copera\u00e7\u00e3o padr\u00e3o\u201d em portos, aeroportos e rodovias, e protesto pelo descumprimento dos acordos assinados com o governo Os auditores-fiscais do Trabalho dos Grupos Especiais de Fiscaliza\u00e7\u00e3o M\u00f3vel (GEFM) &#8211; que combatem o trabalho escravo &#8211; v\u00e3o paralisar suas atividades a partir de ter\u00e7a-feira, 2 de [&hellip;]<\/p>\n","protected":false},"author":27,"featured_media":0,"comment_status":"open","ping_status":"closed","sticky":false,"template":"","format":"standard","meta":{"footnotes":""},"categories":[2719],"tags":[2047,603,3001,648,811,204,1383,2094,2997,404,2998,98,2020,3002,2765,1190,2766,3000,2999,2996,2019],"class_list":["post-2409","post","type-post","status-publish","format-standard","hentry","category-servidor","tag-acordos","tag-aeroportos","tag-assinados","tag-auditores-fiscais","tag-auditores-fiscais-do-trabalho","tag-combate","tag-condicoes","tag-descumprimento","tag-escarvo","tag-escravo","tag-g","tag-governo","tag-indeterminado","tag-melhores","tag-operacao-padrao","tag-param","tag-portos","tag-proesto","tag-rodoviais","tag-tabalho","tag-tempo"],"_links":{"self":[{"href":"https:\/\/blogs.correiobraziliense.com.br\/servidor\/wp-json\/wp\/v2\/posts\/2409","targetHints":{"allow":["GET"]}}],"collection":[{"href":"https:\/\/blogs.correiobraziliense.com.br\/servidor\/wp-json\/wp\/v2\/posts"}],"about":[{"href":"https:\/\/blogs.correiobraziliense.com.br\/servidor\/wp-json\/wp\/v2\/types\/post"}],"author":[{"embeddable":true,"href":"https:\/\/blogs.correiobraziliense.com.br\/servidor\/wp-json\/wp\/v2\/users\/27"}],"replies":[{"embeddable":true,"href":"https:\/\/blogs.correiobraziliense.com.br\/servidor\/wp-json\/wp\/v2\/comments?post=2409"}],"version-history":[{"count":2,"href":"https:\/\/blogs.correiobraziliense.com.br\/servidor\/wp-json\/wp\/v2\/posts\/2409\/revisions"}],"predecessor-version":[{"id":2411,"href":"https:\/\/blogs.correiobraziliense.com.br\/servidor\/wp-json\/wp\/v2\/posts\/2409\/revisions\/2411"}],"wp:attachment":[{"href":"https:\/\/blogs.correiobraziliense.com.br\/servidor\/wp-json\/wp\/v2\/media?parent=2409"}],"wp:term":[{"taxonomy":"category","embeddable":true,"href":"https:\/\/blogs.correiobraziliense.com.br\/servidor\/wp-json\/wp\/v2\/categories?post=2409"},{"taxonomy":"post_tag","embeddable":true,"href":"https:\/\/blogs.correiobraziliense.com.br\/servidor\/wp-json\/wp\/v2\/tags?post=2409"}],"curies":[{"name":"wp","href":"https:\/\/api.w.org\/{rel}","templated":true}]}}