{"id":2407,"date":"2016-07-26T16:54:04","date_gmt":"2016-07-26T19:54:04","guid":{"rendered":"https:\/\/blogs.correiobraziliense.com.br\/servidor\/?p=2407"},"modified":"2016-07-26T16:54:04","modified_gmt":"2016-07-26T19:54:04","slug":"juca-pede-urgencia-na-tramitacao-do-pl-dos-auditores","status":"publish","type":"post","link":"https:\/\/blogs.correiobraziliense.com.br\/servidor\/juca-pede-urgencia-na-tramitacao-do-pl-dos-auditores\/","title":{"rendered":"Juc\u00e1 pede urg\u00eancia na tramita\u00e7\u00e3o do PL dos auditores"},"content":{"rendered":"<p><em>O Sindicato Nacional dos Auditores-Fiscais da Receita Federal (Sindifisco) informou que, em reuni\u00e3o nesta ter\u00e7a-feira (26\/7), na segunda vice-presid\u00eancia. o senador Romero Juc\u00e1 (PMDB-RR), reiterou o apoio ao Projeto de Lei 5864\/2016, que trata do reajuste da categoria<\/em><\/p>\n<p>Segundo a nota, a equipe do Sindifisco foi pedir ao parlamentar que conven\u00e7a os senadores a aprovar o PL no prazo mais curto poss\u00edvel, de forma a permitir o pagamento do reajuste de 5,5% previsto para 2016, e o pagamento do b\u00f4nus de efici\u00eancia, conforme acordo firmado entre o governo e a categoria. O presidente do Sindifisco Nacional, Cl\u00e1udio Damasceno, reiterou a import\u00e2ncia da aprova\u00e7\u00e3o do projeto integralmente.<\/p>\n<p>Juc\u00e1, destacou o sindicato, se comprometeu com a tramita\u00e7\u00e3o em regime de urg\u00eancia, o que reduzir\u00e1 o prazo para aprova\u00e7\u00e3o da proposta. Ainda na reuni\u00e3o, ele entrou em contato com o l\u00edder do governo na C\u00e2mara, deputado Andr\u00e9 Moura (PSC-SE), e com o presidente da Casa, Rodrigo Maia (DEM-RJ).<br \/>\nJuc\u00e1 pede urg\u00eancia na tramita\u00e7\u00e3o do PL dos auditores<\/p>\n<p>\u201cEstamos apoiando a luta dos auditores da Receita Federal. \u00c9 justo o projeto de remunera\u00e7\u00e3o e de melhores condi\u00e7\u00f5es de trabalho\u201d, afirmou Juc\u00e1. O senador acrescentou que \u201ctemos urg\u00eancia porque \u00e9 muito importante que os servidores da Receita se sintam valorizados, contemplados e, tamb\u00e9m, apoiados na sua fun\u00e7\u00e3o porque o Brasil precisa voltar a crescer. E a Receita Federal \u00e9 fundamental para isso\u201d.<\/p>\n","protected":false},"excerpt":{"rendered":"<p>O Sindicato Nacional dos Auditores-Fiscais da Receita Federal (Sindifisco) informou que, em reuni\u00e3o nesta ter\u00e7a-feira (26\/7), na segunda vice-presid\u00eancia. o senador Romero Juc\u00e1 (PMDB-RR), reiterou o apoio ao Projeto de Lei 5864\/2016, que trata do reajuste da categoria Segundo a nota, a equipe do Sindifisco foi pedir ao parlamentar que conven\u00e7a os senadores a aprovar o PL no prazo mais [&hellip;]<\/p>\n","protected":false},"author":27,"featured_media":0,"comment_status":"open","ping_status":"closed","sticky":false,"template":"","format":"standard","meta":{"footnotes":""},"categories":[2719],"tags":[792,31,164,2995,2994,2088,1031,294,696,695,1960],"class_list":["post-2407","post","type-post","status-publish","format-standard","hentry","category-servidor","tag-apoio","tag-auditores","tag-brasil","tag-crescer","tag-jucaq","tag-pede","tag-pl","tag-receita-federal","tag-senado","tag-tramitacao","tag-urgencia"],"_links":{"self":[{"href":"https:\/\/blogs.correiobraziliense.com.br\/servidor\/wp-json\/wp\/v2\/posts\/2407","targetHints":{"allow":["GET"]}}],"collection":[{"href":"https:\/\/blogs.correiobraziliense.com.br\/servidor\/wp-json\/wp\/v2\/posts"}],"about":[{"href":"https:\/\/blogs.correiobraziliense.com.br\/servidor\/wp-json\/wp\/v2\/types\/post"}],"author":[{"embeddable":true,"href":"https:\/\/blogs.correiobraziliense.com.br\/servidor\/wp-json\/wp\/v2\/users\/27"}],"replies":[{"embeddable":true,"href":"https:\/\/blogs.correiobraziliense.com.br\/servidor\/wp-json\/wp\/v2\/comments?post=2407"}],"version-history":[{"count":1,"href":"https:\/\/blogs.correiobraziliense.com.br\/servidor\/wp-json\/wp\/v2\/posts\/2407\/revisions"}],"predecessor-version":[{"id":2408,"href":"https:\/\/blogs.correiobraziliense.com.br\/servidor\/wp-json\/wp\/v2\/posts\/2407\/revisions\/2408"}],"wp:attachment":[{"href":"https:\/\/blogs.correiobraziliense.com.br\/servidor\/wp-json\/wp\/v2\/media?parent=2407"}],"wp:term":[{"taxonomy":"category","embeddable":true,"href":"https:\/\/blogs.correiobraziliense.com.br\/servidor\/wp-json\/wp\/v2\/categories?post=2407"},{"taxonomy":"post_tag","embeddable":true,"href":"https:\/\/blogs.correiobraziliense.com.br\/servidor\/wp-json\/wp\/v2\/tags?post=2407"}],"curies":[{"name":"wp","href":"https:\/\/api.w.org\/{rel}","templated":true}]}}