{"id":2402,"date":"2016-07-26T16:36:41","date_gmt":"2016-07-26T19:36:41","guid":{"rendered":"https:\/\/blogs.correiobraziliense.com.br\/servidor\/?p=2402"},"modified":"2016-07-26T16:40:16","modified_gmt":"2016-07-26T19:40:16","slug":"tribunais-preparam-folha-suplementar-para-pagar-reajuste-esta-semana","status":"publish","type":"post","link":"https:\/\/blogs.correiobraziliense.com.br\/servidor\/tribunais-preparam-folha-suplementar-para-pagar-reajuste-esta-semana\/","title":{"rendered":"Tribunais preparam folha suplementar para pagar reajuste esta semana"},"content":{"rendered":"<table>\n<tbody>\n<tr>\n<td colspan=\"2\" align=\"left\" valign=\"top\"><span id=\"lbltexto\">Os tribunais devem pagar esta semana, em folha suplementar, o reajuste dos servidores da Justi\u00e7a, previsto na Lei 13.317\/16. J\u00e1 nos \u00f3rg\u00e3os do Minist\u00e9rio P\u00fablico da Uni\u00e3o (MPU), o pagamento da primeira parcela da Lei 13.316\/2016 deve ocorrer na semana que vem. Dirigentes sindicais, em Bras\u00edlia, cobraram o pagamento dos valores referentes \u00e0 parcela de julho, proporcional \u00e0 data de publica\u00e7\u00e3o das leis no Di\u00e1rio Oficial da Uni\u00e3o, no caso dia 21 de julho. <\/span><\/p>\n<p><span id=\"lbltexto\">Segundo informa\u00e7\u00f5es da Federa\u00e7\u00e3o Nacional dos Trabalhadores no Judici\u00e1rio Federal e MPU (Fenajufe), o Conselho da Justi\u00e7a Federal (CJF) j\u00e1 orientou os TRFs e as dire\u00e7\u00f5es das Se\u00e7\u00f5es Judici\u00e1rias a preparar as folhas suplementares, pagando o valor da primeira parcela ainda esta semana. Na Justi\u00e7a do Trabalho, os tribunais regionais deveriam rodar a folha suplementar at\u00e9 a \u00faltima segunda feira, para pagar a primeira parcela do reajuste at\u00e9 a sexta-feira (29), conforme orienta\u00e7\u00e3o repassada pelo Conselho Superior da Justi\u00e7a do Trabalho (CSJT). <\/span><\/p>\n<p><span id=\"lbltexto\">J\u00e1 no TST, a informa\u00e7\u00e3o \u00e9 de que o pagamento deve ocorrer entre hoje e amanh\u00e3 (26 e 27). Para os TREs, a orienta\u00e7\u00e3o do TSE \u00e9 fechar a folha suplementar at\u00e9 a quarta-feira (27), com o pagamento at\u00e9 a sexta-feira (29). No Minist\u00e9rio P\u00fablico da Uni\u00e3o, a previs\u00e3o \u00e9 que o reajuste seja pago no dia 5 de agosto, segundo a informa\u00e7\u00e3o da Fenajufe. <\/span><\/p>\n<p>Veja <a href=\"http:\/\/www.fenajufe.org.br\/images\/7d292b91-fd73-4e61-9c80-ada2379c2074.jpg\">aqui<\/a> as tabelas<\/p>\n<p><img decoding=\"async\" src=\"http:\/\/www.fenajufe.org.br\/images\/7d292b91-fd73-4e61-9c80-ada2379c2074.jpg\" alt=\"http:\/\/www.fenajufe.org.br\/images\/7d292b91-fd73-4e61-9c80-ada2379c2074.jpg\" \/><\/td>\n<\/tr>\n<\/tbody>\n<\/table>\n","protected":false},"excerpt":{"rendered":"<p>Os tribunais devem pagar esta semana, em folha suplementar, o reajuste dos servidores da Justi\u00e7a, previsto na Lei 13.317\/16. J\u00e1 nos \u00f3rg\u00e3os do Minist\u00e9rio P\u00fablico da Uni\u00e3o (MPU), o pagamento da primeira parcela da Lei 13.316\/2016 deve ocorrer na semana que vem. Dirigentes sindicais, em Bras\u00edlia, cobraram o pagamento dos valores referentes \u00e0 parcela de julho, proporcional \u00e0 data de [&hellip;]<\/p>\n","protected":false},"author":27,"featured_media":0,"comment_status":"open","ping_status":"closed","sticky":false,"template":"","format":"standard","meta":{"footnotes":""},"categories":[2719],"tags":[150,64,2788,1525,2657,63,58,2993,120],"class_list":["post-2402","post","type-post","status-publish","format-standard","hentry","category-servidor","tag-folha","tag-judiciario","tag-mpu","tag-pagar","tag-preparam","tag-reajuste","tag-servidores","tag-suplementar","tag-tribunais"],"_links":{"self":[{"href":"https:\/\/blogs.correiobraziliense.com.br\/servidor\/wp-json\/wp\/v2\/posts\/2402","targetHints":{"allow":["GET"]}}],"collection":[{"href":"https:\/\/blogs.correiobraziliense.com.br\/servidor\/wp-json\/wp\/v2\/posts"}],"about":[{"href":"https:\/\/blogs.correiobraziliense.com.br\/servidor\/wp-json\/wp\/v2\/types\/post"}],"author":[{"embeddable":true,"href":"https:\/\/blogs.correiobraziliense.com.br\/servidor\/wp-json\/wp\/v2\/users\/27"}],"replies":[{"embeddable":true,"href":"https:\/\/blogs.correiobraziliense.com.br\/servidor\/wp-json\/wp\/v2\/comments?post=2402"}],"version-history":[{"count":3,"href":"https:\/\/blogs.correiobraziliense.com.br\/servidor\/wp-json\/wp\/v2\/posts\/2402\/revisions"}],"predecessor-version":[{"id":2405,"href":"https:\/\/blogs.correiobraziliense.com.br\/servidor\/wp-json\/wp\/v2\/posts\/2402\/revisions\/2405"}],"wp:attachment":[{"href":"https:\/\/blogs.correiobraziliense.com.br\/servidor\/wp-json\/wp\/v2\/media?parent=2402"}],"wp:term":[{"taxonomy":"category","embeddable":true,"href":"https:\/\/blogs.correiobraziliense.com.br\/servidor\/wp-json\/wp\/v2\/categories?post=2402"},{"taxonomy":"post_tag","embeddable":true,"href":"https:\/\/blogs.correiobraziliense.com.br\/servidor\/wp-json\/wp\/v2\/tags?post=2402"}],"curies":[{"name":"wp","href":"https:\/\/api.w.org\/{rel}","templated":true}]}}