{"id":2392,"date":"2016-07-26T15:20:43","date_gmt":"2016-07-26T18:20:43","guid":{"rendered":"https:\/\/blogs.correiobraziliense.com.br\/servidor\/?p=2392"},"modified":"2016-07-26T15:20:43","modified_gmt":"2016-07-26T18:20:43","slug":"analistas-tributarios-fazem-paralisacao-e-operacao-padrao-contra-pl-de-reajuste-salarial","status":"publish","type":"post","link":"https:\/\/blogs.correiobraziliense.com.br\/servidor\/analistas-tributarios-fazem-paralisacao-e-operacao-padrao-contra-pl-de-reajuste-salarial\/","title":{"rendered":"Analistas-tribut\u00e1rios fazem paralisa\u00e7\u00e3o e opera\u00e7\u00e3o-padr\u00e3o contra PL de reajuste salarial"},"content":{"rendered":"<p><em>A guerra na Receita Federal continua, apesar do envio da proposta de reajuste salarial ao Congresso. O Sindicato Nacional dos Analistas-Tribut\u00e1rios da Receita Federal (Sindireceita) denuncia que o PL enfraquece a institui\u00e7\u00e3o e descumpre o acordo assinado em mar\u00e7o. A entidade cobra corre\u00e7\u00e3o das graves distor\u00e7\u00f5es e critica a reserva de atividades a um \u00fanico cargo, o de auditor-fiscal. A mobiliza\u00e7\u00e3o permanece at\u00e9 que o Congresso exclua os artigos 1\u00ba a 4\u00ba do PL 5.864\/2016<\/em><\/p>\n<p>De acordo com o documento, mais de oito mil analistas-tribut\u00e1rios da Receita Federal do Brasil, a partir dessa ter\u00e7a-feira (26), paralisam suas atividades nas unidades de atendimento ao contribuinte e fazem opera\u00e7\u00e3o-padr\u00e3o nos postos de fiscaliza\u00e7\u00e3o dos 17 mil quil\u00f4metros da faixa de fronteiras do Brasil. A mobiliza\u00e7\u00e3o \u00e9 contra o descumprimento do acordo e cobra a corre\u00e7\u00e3o das graves distor\u00e7\u00f5es da pauta n\u00e3o remunerat\u00f3ria introduzida no PL n\u00ba 5.864\/2016, que poder\u00e1 estabelecer autoridade e reserva de atividades a um \u00fanico cargo da Receita Federal em detrimento do fortalecimento de toda a Institui\u00e7\u00e3o.<\/p>\n<p>A mobiliza\u00e7\u00e3o, encabe\u00e7ada pelo Sindireceita, ocorrer\u00e1, inicialmente, \u00e0s ter\u00e7as, quartas e quintas-feiras, podendo ser ampliada para cinco dias por semana e afetar\u00e1 o atendimento das atividades de an\u00e1lise de processos de cobran\u00e7a, restitui\u00e7\u00e3o e compensa\u00e7\u00e3o, orienta\u00e7\u00e3o aos contribuintes, inscri\u00e7\u00e3o de cadastros fiscais, regulariza\u00e7\u00e3o de d\u00e9bitos e pend\u00eancias, an\u00e1lise dos pedidos de parcelamento, emiss\u00e3o de certid\u00f5es negativas e de regularidade, revis\u00f5es de declara\u00e7\u00f5es, atendimentos a demandas e respostas a of\u00edcios de outros \u00f3rg\u00e3os, entre outras atividades. Nas unidades aduaneiras, os analistas-tribut\u00e1rios realizar\u00e3o opera\u00e7\u00e3o-padr\u00e3o na Zona Prim\u00e1ria (portos, aeroportos e postos de fronteira), nos servi\u00e7os das alf\u00e2ndegas e inspetorias, como despachos de exporta\u00e7\u00e3o, confer\u00eancia f\u00edsica, tr\u00e2nsito aduaneiro, embarque de suprimentos, opera\u00e7\u00f5es especiais de vigil\u00e2ncia e repress\u00e3o, verifica\u00e7\u00e3o f\u00edsica de mercadorias e bagagens, entre outros.<\/p>\n<p>As mobiliza\u00e7\u00f5es ser\u00e3o realizadas at\u00e9 que o Congresso Nacional exclua os artigos 1\u00ba a 4\u00ba, do Projeto de Lei n\u00ba 5.864\/2016, que al\u00e9m de transferir a autoridade do \u00f3rg\u00e3o para um \u00fanico cargo, fixa apenas suas atividades como indeleg\u00e1veis e exclusivas de Estado e ainda busca excluir, de modo velado, os analistas-tribut\u00e1rios do rol das carreiras t\u00edpicas de Estado.<\/p>\n<p>O Projeto de Lei (PL) n\u00ba 5864\/2016 foi encaminhado ao Congresso Nacional pela Casa Civil, nesta \u00faltima sexta-feira (22), e segue com os acordos firmados com os analistas-tribut\u00e1rios e os auditores-fiscais, tramitando sem v\u00ednculo com outras categorias. O texto do PL, entretanto, traz a pauta remunerat\u00f3ria dos cargos, de comum acordo com as categorias, e ainda a pauta n\u00e3o remunerat\u00f3ria, que sequer foi objeto de discuss\u00e3o na mesa de negocia\u00e7\u00e3o, e n\u00e3o \u00e9 de consenso entre os cargos.<\/p>\n","protected":false},"excerpt":{"rendered":"<p>A guerra na Receita Federal continua, apesar do envio da proposta de reajuste salarial ao Congresso. O Sindicato Nacional dos Analistas-Tribut\u00e1rios da Receita Federal (Sindireceita) denuncia que o PL enfraquece a institui\u00e7\u00e3o e descumpre o acordo assinado em mar\u00e7o. A entidade cobra corre\u00e7\u00e3o das graves distor\u00e7\u00f5es e critica a reserva de atividades a um \u00fanico cargo, o de auditor-fiscal. A [&hellip;]<\/p>\n","protected":false},"author":27,"featured_media":0,"comment_status":"open","ping_status":"closed","sticky":false,"template":"","format":"standard","meta":{"footnotes":""},"categories":[2719],"tags":[511,100,2977,647,2765,506,1031,54,63,18],"class_list":["post-2392","post","type-post","status-publish","format-standard","hentry","category-servidor","tag-analistas-tributarios","tag-congresso","tag-distorcoes","tag-guerra","tag-operacao-padrao","tag-paralisacao","tag-pl","tag-proposta","tag-reajuste","tag-salarial"],"_links":{"self":[{"href":"https:\/\/blogs.correiobraziliense.com.br\/servidor\/wp-json\/wp\/v2\/posts\/2392","targetHints":{"allow":["GET"]}}],"collection":[{"href":"https:\/\/blogs.correiobraziliense.com.br\/servidor\/wp-json\/wp\/v2\/posts"}],"about":[{"href":"https:\/\/blogs.correiobraziliense.com.br\/servidor\/wp-json\/wp\/v2\/types\/post"}],"author":[{"embeddable":true,"href":"https:\/\/blogs.correiobraziliense.com.br\/servidor\/wp-json\/wp\/v2\/users\/27"}],"replies":[{"embeddable":true,"href":"https:\/\/blogs.correiobraziliense.com.br\/servidor\/wp-json\/wp\/v2\/comments?post=2392"}],"version-history":[{"count":1,"href":"https:\/\/blogs.correiobraziliense.com.br\/servidor\/wp-json\/wp\/v2\/posts\/2392\/revisions"}],"predecessor-version":[{"id":2393,"href":"https:\/\/blogs.correiobraziliense.com.br\/servidor\/wp-json\/wp\/v2\/posts\/2392\/revisions\/2393"}],"wp:attachment":[{"href":"https:\/\/blogs.correiobraziliense.com.br\/servidor\/wp-json\/wp\/v2\/media?parent=2392"}],"wp:term":[{"taxonomy":"category","embeddable":true,"href":"https:\/\/blogs.correiobraziliense.com.br\/servidor\/wp-json\/wp\/v2\/categories?post=2392"},{"taxonomy":"post_tag","embeddable":true,"href":"https:\/\/blogs.correiobraziliense.com.br\/servidor\/wp-json\/wp\/v2\/tags?post=2392"}],"curies":[{"name":"wp","href":"https:\/\/api.w.org\/{rel}","templated":true}]}}