{"id":2377,"date":"2016-07-25T14:55:23","date_gmt":"2016-07-25T17:55:23","guid":{"rendered":"https:\/\/blogs.correiobraziliense.com.br\/servidor\/?p=2377"},"modified":"2016-07-25T14:56:05","modified_gmt":"2016-07-25T17:56:05","slug":"nota-sobre-nomeacao-de-jornalista-para-cargo-de-procurador-seccional-da-uniao","status":"publish","type":"post","link":"https:\/\/blogs.correiobraziliense.com.br\/servidor\/nota-sobre-nomeacao-de-jornalista-para-cargo-de-procurador-seccional-da-uniao\/","title":{"rendered":"Nomea\u00e7\u00e3o de jornalista para cargo de procurador-seccional da Uni\u00e3o"},"content":{"rendered":"<p><em>Houve um erro na Portaria. O ato ser\u00e1 republicado com retifica\u00e7\u00e3o.<\/em><\/p>\n<p>A diretoria da Associa\u00e7\u00e3o Nacional dos Advogados da Uni\u00e3o (Anauni) informa que t\u00e3o logo tomou conhecimento da Portaria\u00a0n.\u00ba 280, de 22 de julho de 2016, que supostamente teria nomeado um jornalista para o cargo de procurador-seccional da Uni\u00e3o no Munic\u00edpio de Mossor\u00f3 (RN),\u00a0manifestou por meio de expediente \u00e0 dire\u00e7\u00e3o superior da Advocacia-Geral da Uni\u00e3o &#8220;sua total irresigna\u00e7\u00e3o diante do teor do referido ato jur\u00eddico, apontando, inclusive, que tal portaria seria manifestamente ilegal, por violar o artigo 2\u00ba, par\u00e1grafo 5\u00ba, c\/c o artigo 49, I, da Lei Complementar n.\u00ba 73\/93 (Lei Org\u00e2nica da AGU), o qual prev\u00ea que o cargo de procurador-seccional \u00e9 privativo de membro da Advocacia-Geral da Uni\u00e3o, no caso, de ocupante efetivo do cargo de Advogado da Uni\u00e3o&#8221;.<\/p>\n<p>De acordo com a Anauni,\u00a0 a dire\u00e7\u00e3o superior da AGU respondeu, em mensagem dirigida ao presidente da entidade na manh\u00e3 de hoje, que o ato cont\u00e9m erro material, e que ser\u00e1 republicado com retifica\u00e7\u00e3o. O DAS objeto de nomea\u00e7\u00e3o n\u00e3o seria o de procurador-seccional da Uni\u00e3o, mas de outra natureza, compat\u00edvel com a nomea\u00e7\u00e3o de profissional que n\u00e3o integra a carreira de advogado da Uni\u00e3o.<\/p>\n<p>&#8220;A Anauni acompanhar\u00e1 a republica\u00e7\u00e3o do ato acima informado, ao tempo em que reitera aqui a sua posi\u00e7\u00e3o hist\u00f3rica de atua\u00e7\u00e3o em defesa da carreira de advogado da Uni\u00e3o e da privatividade do exerc\u00edcio das suas fun\u00e7\u00f5es&#8221;, informou a nota da Anauni.<\/p>\n","protected":false},"excerpt":{"rendered":"<p>Houve um erro na Portaria. O ato ser\u00e1 republicado com retifica\u00e7\u00e3o. A diretoria da Associa\u00e7\u00e3o Nacional dos Advogados da Uni\u00e3o (Anauni) informa que t\u00e3o logo tomou conhecimento da Portaria\u00a0n.\u00ba 280, de 22 de julho de 2016, que supostamente teria nomeado um jornalista para o cargo de procurador-seccional da Uni\u00e3o no Munic\u00edpio de Mossor\u00f3 (RN),\u00a0manifestou por meio de expediente \u00e0 dire\u00e7\u00e3o [&hellip;]<\/p>\n","protected":false},"author":27,"featured_media":0,"comment_status":"open","ping_status":"closed","sticky":false,"template":"","format":"standard","meta":{"footnotes":""},"categories":[2719],"tags":[300,2282,2331,307,1167,2964,2965,330],"class_list":["post-2377","post","type-post","status-publish","format-standard","hentry","category-servidor","tag-cargo","tag-erro","tag-jornalista","tag-nomeacao","tag-portaria","tag-procurador-seccional","tag-retificacao","tag-uniao"],"_links":{"self":[{"href":"https:\/\/blogs.correiobraziliense.com.br\/servidor\/wp-json\/wp\/v2\/posts\/2377","targetHints":{"allow":["GET"]}}],"collection":[{"href":"https:\/\/blogs.correiobraziliense.com.br\/servidor\/wp-json\/wp\/v2\/posts"}],"about":[{"href":"https:\/\/blogs.correiobraziliense.com.br\/servidor\/wp-json\/wp\/v2\/types\/post"}],"author":[{"embeddable":true,"href":"https:\/\/blogs.correiobraziliense.com.br\/servidor\/wp-json\/wp\/v2\/users\/27"}],"replies":[{"embeddable":true,"href":"https:\/\/blogs.correiobraziliense.com.br\/servidor\/wp-json\/wp\/v2\/comments?post=2377"}],"version-history":[{"count":2,"href":"https:\/\/blogs.correiobraziliense.com.br\/servidor\/wp-json\/wp\/v2\/posts\/2377\/revisions"}],"predecessor-version":[{"id":2379,"href":"https:\/\/blogs.correiobraziliense.com.br\/servidor\/wp-json\/wp\/v2\/posts\/2377\/revisions\/2379"}],"wp:attachment":[{"href":"https:\/\/blogs.correiobraziliense.com.br\/servidor\/wp-json\/wp\/v2\/media?parent=2377"}],"wp:term":[{"taxonomy":"category","embeddable":true,"href":"https:\/\/blogs.correiobraziliense.com.br\/servidor\/wp-json\/wp\/v2\/categories?post=2377"},{"taxonomy":"post_tag","embeddable":true,"href":"https:\/\/blogs.correiobraziliense.com.br\/servidor\/wp-json\/wp\/v2\/tags?post=2377"}],"curies":[{"name":"wp","href":"https:\/\/api.w.org\/{rel}","templated":true}]}}