{"id":2357,"date":"2016-07-22T12:23:19","date_gmt":"2016-07-22T15:23:19","guid":{"rendered":"https:\/\/blogs.correiobraziliense.com.br\/servidor\/?p=2357"},"modified":"2016-07-22T12:23:19","modified_gmt":"2016-07-22T15:23:19","slug":"previdencia-volta-ter-site-proprio","status":"publish","type":"post","link":"https:\/\/blogs.correiobraziliense.com.br\/servidor\/previdencia-volta-ter-site-proprio\/","title":{"rendered":"Previd\u00eancia volta a ter site pr\u00f3prio"},"content":{"rendered":"<p><em>Migra\u00e7\u00e3o definitiva de dados do Portal do Minist\u00e9rio do Trabalho ser\u00e1 em 8 de agosto<\/em>, informa a assessoria de imprensa<\/p>\n<p>A Previd\u00eancia Social voltou a ter um site pr\u00f3prio, em plataforma que inclui informa\u00e7\u00f5es da Secretaria de Previd\u00eancia e servi\u00e7os do INSS, informa o \u00f3rg\u00e3o. O cidad\u00e3o j\u00e1 pode acessar todo conte\u00fado sobre Previd\u00eancia Social no site previd\u00eancia.gov.br. O Portal inclui informa\u00e7\u00f5es sobre pol\u00edticas de previd\u00eancia, dados estat\u00edsticos e not\u00edcias, al\u00e9m dos servi\u00e7os do INSS, como agendamento de benef\u00edcios e simula\u00e7\u00e3o de aposentadorias.<\/p>\n<p>At\u00e9 o dia 7 de agosto, para garantir o pleno acesso a todas as informa\u00e7\u00f5es e servi\u00e7os, todo o conte\u00fado da Previd\u00eancia tamb\u00e9m estar\u00e1 dispon\u00edvel no site do <a href=\"http:\/\/www.mtps.gov.br\/\">Minist\u00e9rio do Trabalho<\/a>. A migra\u00e7\u00e3o definitiva de dados ocorrer\u00e1 em 8 de agosto.<\/p>\n<p>A partir de 8 de agosto, o Portal do Minist\u00e9rio do Trabalho ir\u00e1 operar apenas com o endere\u00e7o trabalho.gov.br, com servi\u00e7os exclusivos do Minist\u00e9rio do Trabalho. A mudan\u00e7a ocorre porque a Previd\u00eancia passa a ser Secretaria, vinculada ao Minist\u00e9rio da Fazenda.<\/p>\n<p><strong>Redes sociais &#8211;<\/strong> As redes sociais Facebook e Twitter, canais para divulga\u00e7\u00e3o de informa\u00e7\u00f5es sobre previd\u00eancia por onde o cidad\u00e3o interage e tira d\u00favidas, tamb\u00e9m foram reativados e podem ser acessados pelo\u00a0 <a href=\"http:\/\/www.facebook.com\/PrevidenciaOficial\">www.facebook.com\/PrevidenciaOficial<\/a> e <a href=\"http:\/\/www.twitter.com\/PrevOficial\">www.twitter.com\/PrevOficial<\/a>.<\/p>\n<p>As redes sociais do Minist\u00e9rio do Trabalho permanecem com o mesmo acesso no <a href=\"http:\/\/www.facebook.com\/ministeriodotrabalho\">Facebook<\/a>, <a href=\"http:\/\/www.twitter.com\/trabalho\">Twitter<\/a> e demais perfis. Os servi\u00e7os do Minist\u00e9rio do Trabalho, permanecem dispon\u00edveis no portal <a href=\"http:\/\/www.mtps.gov.br\/\">mtps.gov.br<\/a>.<\/p>\n","protected":false},"excerpt":{"rendered":"<p>Migra\u00e7\u00e3o definitiva de dados do Portal do Minist\u00e9rio do Trabalho ser\u00e1 em 8 de agosto, informa a assessoria de imprensa A Previd\u00eancia Social voltou a ter um site pr\u00f3prio, em plataforma que inclui informa\u00e7\u00f5es da Secretaria de Previd\u00eancia e servi\u00e7os do INSS, informa o \u00f3rg\u00e3o. O cidad\u00e3o j\u00e1 pode acessar todo conte\u00fado sobre Previd\u00eancia Social no site previd\u00eancia.gov.br. O Portal [&hellip;]<\/p>\n","protected":false},"author":27,"featured_media":0,"comment_status":"open","ping_status":"closed","sticky":false,"template":"","format":"standard","meta":{"footnotes":""},"categories":[2719],"tags":[167,302,1780,2841,549,673,2936],"class_list":["post-2357","post","type-post","status-publish","format-standard","hentry","category-servidor","tag-dados","tag-fazenda","tag-migracao","tag-ministerio-do-trabalho","tag-previdencia","tag-proprio","tag-site"],"_links":{"self":[{"href":"https:\/\/blogs.correiobraziliense.com.br\/servidor\/wp-json\/wp\/v2\/posts\/2357","targetHints":{"allow":["GET"]}}],"collection":[{"href":"https:\/\/blogs.correiobraziliense.com.br\/servidor\/wp-json\/wp\/v2\/posts"}],"about":[{"href":"https:\/\/blogs.correiobraziliense.com.br\/servidor\/wp-json\/wp\/v2\/types\/post"}],"author":[{"embeddable":true,"href":"https:\/\/blogs.correiobraziliense.com.br\/servidor\/wp-json\/wp\/v2\/users\/27"}],"replies":[{"embeddable":true,"href":"https:\/\/blogs.correiobraziliense.com.br\/servidor\/wp-json\/wp\/v2\/comments?post=2357"}],"version-history":[{"count":1,"href":"https:\/\/blogs.correiobraziliense.com.br\/servidor\/wp-json\/wp\/v2\/posts\/2357\/revisions"}],"predecessor-version":[{"id":2358,"href":"https:\/\/blogs.correiobraziliense.com.br\/servidor\/wp-json\/wp\/v2\/posts\/2357\/revisions\/2358"}],"wp:attachment":[{"href":"https:\/\/blogs.correiobraziliense.com.br\/servidor\/wp-json\/wp\/v2\/media?parent=2357"}],"wp:term":[{"taxonomy":"category","embeddable":true,"href":"https:\/\/blogs.correiobraziliense.com.br\/servidor\/wp-json\/wp\/v2\/categories?post=2357"},{"taxonomy":"post_tag","embeddable":true,"href":"https:\/\/blogs.correiobraziliense.com.br\/servidor\/wp-json\/wp\/v2\/tags?post=2357"}],"curies":[{"name":"wp","href":"https:\/\/api.w.org\/{rel}","templated":true}]}}