{"id":2351,"date":"2016-07-22T10:48:33","date_gmt":"2016-07-22T13:48:33","guid":{"rendered":"https:\/\/blogs.correiobraziliense.com.br\/servidor\/?p=2351"},"modified":"2016-07-22T10:48:33","modified_gmt":"2016-07-22T13:48:33","slug":"servidores-nao-sabiam-do-conteudo-do-pl-enviado-pelo-mpog","status":"publish","type":"post","link":"https:\/\/blogs.correiobraziliense.com.br\/servidor\/servidores-nao-sabiam-do-conteudo-do-pl-enviado-pelo-mpog\/","title":{"rendered":"Servidores n\u00e3o sabiam do conte\u00fado do PL enviado pelo MPOG"},"content":{"rendered":"<p><em>Os servidores, segundo o Sindifisco, n\u00e3o foram avisados sobre a inten\u00e7\u00e3o do governo de encaminhar os PLs ao Congresso. <\/em><\/p>\n<p><span style=\"font-family: Utopia,sans-serif\"><span style=\"font-size: small\">Apesar do alarde do MPOG, os servidores n\u00e3o sabiam do envio \u201cao Congresso\u201d e desconhecem o conte\u00fado do PLs. No informe, n\u00e3o h\u00e1 qualquer explica\u00e7\u00e3o sobre quando as propostas v\u00e3o para o Legislativo e tamb\u00e9m n\u00e3o esclarece quais est\u00e3o circulando ainda dentro do pr\u00f3prio Executivo. De acordo com o presidente do Sindicato Nacional dos Auditores-Fiscais da Receita (Sindifisco), Cl\u00e1udio Damasceno, o comunicado \u201cn\u00e3o muda nada em rela\u00e7\u00e3o ao nosso movimento\u201d, traduzido em opera\u00e7\u00e3o-padr\u00e3o em portos, aeroportos e fronteiras, nos embarques e desembarques de voos internacionais.<\/span><\/span><\/p>\n<p>\u201c<span style=\"font-family: Utopia,sans-serif\"><span style=\"font-size: small\">Vamos avaliar se o texto estiver em conformidade com o que foi assinado em mar\u00e7o e o prazo do reajuste for cumprido. At\u00e9 o momento continua um mist\u00e9rio total sobre o teor do projeto\u201d, esclareceu Damasceno. Os agentes da Pol\u00edcia Federal tamb\u00e9m foram pegos de surpresa. No seu caso, ontem \u00e0s 16h37, o PL apenas saiu do MPOG para a Casa Civil. \u201cN\u00e3o fomos avisados. Podemos confirmar foi a burocracia do Executivo para o Executivo\u201d, contou Fl\u00e1vio Werneck, vice-presidente de Federa\u00e7\u00e3o Nacional dos Policiais Federais (Fenapef). <\/span><\/span><\/p>\n","protected":false},"excerpt":{"rendered":"<p>Os servidores, segundo o Sindifisco, n\u00e3o foram avisados sobre a inten\u00e7\u00e3o do governo de encaminhar os PLs ao Congresso. Apesar do alarde do MPOG, os servidores n\u00e3o sabiam do envio \u201cao Congresso\u201d e desconhecem o conte\u00fado do PLs. No informe, n\u00e3o h\u00e1 qualquer explica\u00e7\u00e3o sobre quando as propostas v\u00e3o para o Legislativo e tamb\u00e9m n\u00e3o esclarece quais est\u00e3o circulando ainda [&hellip;]<\/p>\n","protected":false},"author":27,"featured_media":0,"comment_status":"open","ping_status":"closed","sticky":false,"template":"","format":"standard","meta":{"footnotes":""},"categories":[2719],"tags":[100,1425,2929,2928,107,2421,2765,1031,58,597],"class_list":["post-2351","post","type-post","status-publish","format-standard","hentry","category-servidor","tag-congresso","tag-conteudo","tag-continua","tag-enviado","tag-fenapef","tag-mpog","tag-operacao-padrao","tag-pl","tag-servidores","tag-sindifisco"],"_links":{"self":[{"href":"https:\/\/blogs.correiobraziliense.com.br\/servidor\/wp-json\/wp\/v2\/posts\/2351","targetHints":{"allow":["GET"]}}],"collection":[{"href":"https:\/\/blogs.correiobraziliense.com.br\/servidor\/wp-json\/wp\/v2\/posts"}],"about":[{"href":"https:\/\/blogs.correiobraziliense.com.br\/servidor\/wp-json\/wp\/v2\/types\/post"}],"author":[{"embeddable":true,"href":"https:\/\/blogs.correiobraziliense.com.br\/servidor\/wp-json\/wp\/v2\/users\/27"}],"replies":[{"embeddable":true,"href":"https:\/\/blogs.correiobraziliense.com.br\/servidor\/wp-json\/wp\/v2\/comments?post=2351"}],"version-history":[{"count":1,"href":"https:\/\/blogs.correiobraziliense.com.br\/servidor\/wp-json\/wp\/v2\/posts\/2351\/revisions"}],"predecessor-version":[{"id":2352,"href":"https:\/\/blogs.correiobraziliense.com.br\/servidor\/wp-json\/wp\/v2\/posts\/2351\/revisions\/2352"}],"wp:attachment":[{"href":"https:\/\/blogs.correiobraziliense.com.br\/servidor\/wp-json\/wp\/v2\/media?parent=2351"}],"wp:term":[{"taxonomy":"category","embeddable":true,"href":"https:\/\/blogs.correiobraziliense.com.br\/servidor\/wp-json\/wp\/v2\/categories?post=2351"},{"taxonomy":"post_tag","embeddable":true,"href":"https:\/\/blogs.correiobraziliense.com.br\/servidor\/wp-json\/wp\/v2\/tags?post=2351"}],"curies":[{"name":"wp","href":"https:\/\/api.w.org\/{rel}","templated":true}]}}