{"id":235,"date":"2015-06-11T21:00:00","date_gmt":"2015-06-11T21:00:00","guid":{"rendered":"https:\/\/blogs.correiobraziliense.com.br\/servidor\/cfc_-_inscricoes_para_prova_de_suficiencia\/"},"modified":"2015-06-11T21:00:00","modified_gmt":"2015-06-11T21:00:00","slug":"cfc_-_inscricoes_para_prova_de_suficiencia","status":"publish","type":"post","link":"https:\/\/blogs.correiobraziliense.com.br\/servidor\/cfc_-_inscricoes_para_prova_de_suficiencia\/","title":{"rendered":"CFC &#8211; INSCRI\u00c7\u00d5ES PARA PROVA DE SUFICI\u00caNCIA"},"content":{"rendered":"<p>Exame que habilita o profissional  de contabilidade ocorre no dia 20 de setembro. Esta \u00e9 a \u00faltima oportunidade do  ano <\/p>\n<p>  Come\u00e7am no dia 10 de junho eat\u00e9 9 de julho as inscri\u00e7\u00f5es para o exame de sufici\u00eancia dos profissionais da contabilidade. Podem participar bachar\u00e9is em contabilidade  e estudantes do \u00faltimo ano do curso. Esta \u00e9 a segunda edi\u00e7\u00e3o e a  \u00faltima deste ano. &nbsp;O exame de sufici\u00eancia \u00e9 indispens\u00e1vel para o registro  profissional e foi institu\u00eddo em 2010 com o objetivo de garantir o nivelamento e  a qualidade dos servi\u00e7os cont\u00e1beis no Pa\u00eds.&nbsp; <\/p>\n<p> A prova ser\u00e1 no dia 20 de setembro e abordar\u00e1 temas relativos a  contabilidade geral, contabilidade de custos, contabilidade aplicada ao setor  p\u00fablico, contabilidade gerencial, controladoria, teoria da contabilidade,  legisla\u00e7\u00e3o e \u00e9tica profissional, princ\u00edpios de contabilidade e normas  brasileiras de contabilidade, auditoria cont\u00e1bil, per\u00edcia cont\u00e1bil, no\u00e7\u00f5es de  direito, matem\u00e1tica financeira e estat\u00edstica e l\u00edngua portuguesa. Ser\u00e3o  aprovados os examinandos que acertarem, no m\u00ednimo, 50% da prova.&nbsp;   <\/p>\n<p> As inscri\u00e7\u00f5es custam R$ 100 e podem ser feitas no site da Funda\u00e7\u00e3o Brasileira  de Contabilidade (www.fbc.org.br) e no portal do Conselho Federal de  Contabilidade (www.portalcfc.org.br). O edital tamb\u00e9m est\u00e1 dispon\u00edvel nos dois  endere\u00e7os. O prazo para isen\u00e7\u00e3o do pagamento da taxa de inscri\u00e7\u00e3o vai de 10 a 12  de junho. Est\u00e3o dispensados do pagamento os concorrentes inscritos no Cadastro  \u00danico para Programas Sociais do governo federal (Cad\u00danico) e os que comprovarem  ser de fam\u00edlia de baixa renda. &nbsp;    &nbsp; <strong>Sobre  o CFC<\/strong> O Conselho Federal de Contabilidade (CFC) \u00e9 uma autarquia federal, dotada de  personalidade jur\u00eddica de direito p\u00fablico, criada pelo Decreto-Lei n\u00ba 9.295\/46,  de 27 de maio de 1946. O principal objetivo do CFC \u00e9 registrar, normatizar,  fiscalizar, promover a educa\u00e7\u00e3o continuada e editar Normas Brasileiras de  Contabilidade de natureza t\u00e9cnica e profissional. O conselho possui um  representante em cada Estado, e no Distrito Federal, que atua nos Conselhos  Regionais de Contabilidade. Atualmente, existem cerca de 500 mil profissionais  no Pa\u00eds, incluindo contadores e t\u00e9cnicos em contabilidade <\/p>\n<p>Bras\u00edlia, 21h00 <\/p>\n","protected":false},"excerpt":{"rendered":"<p>Exame que habilita o profissional de contabilidade ocorre no dia 20 de setembro. Esta \u00e9 a \u00faltima oportunidade do ano Come\u00e7am no dia 10 de junho eat\u00e9 9 de julho as inscri\u00e7\u00f5es para o exame de sufici\u00eancia dos profissionais da contabilidade. Podem participar bachar\u00e9is em contabilidade e estudantes do \u00faltimo ano do curso. Esta \u00e9 a segunda edi\u00e7\u00e3o e a [&hellip;]<\/p>\n","protected":false},"author":27,"featured_media":0,"comment_status":"open","ping_status":"open","sticky":false,"template":"","format":"standard","meta":{"footnotes":""},"categories":[1],"tags":[],"class_list":["post-235","post","type-post","status-publish","format-standard","hentry","category-sem-categoria"],"_links":{"self":[{"href":"https:\/\/blogs.correiobraziliense.com.br\/servidor\/wp-json\/wp\/v2\/posts\/235","targetHints":{"allow":["GET"]}}],"collection":[{"href":"https:\/\/blogs.correiobraziliense.com.br\/servidor\/wp-json\/wp\/v2\/posts"}],"about":[{"href":"https:\/\/blogs.correiobraziliense.com.br\/servidor\/wp-json\/wp\/v2\/types\/post"}],"author":[{"embeddable":true,"href":"https:\/\/blogs.correiobraziliense.com.br\/servidor\/wp-json\/wp\/v2\/users\/27"}],"replies":[{"embeddable":true,"href":"https:\/\/blogs.correiobraziliense.com.br\/servidor\/wp-json\/wp\/v2\/comments?post=235"}],"version-history":[{"count":0,"href":"https:\/\/blogs.correiobraziliense.com.br\/servidor\/wp-json\/wp\/v2\/posts\/235\/revisions"}],"wp:attachment":[{"href":"https:\/\/blogs.correiobraziliense.com.br\/servidor\/wp-json\/wp\/v2\/media?parent=235"}],"wp:term":[{"taxonomy":"category","embeddable":true,"href":"https:\/\/blogs.correiobraziliense.com.br\/servidor\/wp-json\/wp\/v2\/categories?post=235"},{"taxonomy":"post_tag","embeddable":true,"href":"https:\/\/blogs.correiobraziliense.com.br\/servidor\/wp-json\/wp\/v2\/tags?post=235"}],"curies":[{"name":"wp","href":"https:\/\/api.w.org\/{rel}","templated":true}]}}