{"id":2349,"date":"2016-07-22T10:40:18","date_gmt":"2016-07-22T13:40:18","guid":{"rendered":"https:\/\/blogs.correiobraziliense.com.br\/servidor\/?p=2349"},"modified":"2016-07-22T10:40:18","modified_gmt":"2016-07-22T13:40:18","slug":"expectativa-da-sancao","status":"publish","type":"post","link":"https:\/\/blogs.correiobraziliense.com.br\/servidor\/expectativa-da-sancao\/","title":{"rendered":"Expectativa da san\u00e7\u00e3o"},"content":{"rendered":"<p><span style=\"font-family: Utopia,sans-serif\"><span style=\"font-size: small\">Enquanto os servidores do Judici\u00e1rio comemoram a aprova\u00e7\u00e3o, sem vetos, do projeto de reajuste salarial de at\u00e9 41,5%, outras carreiras est\u00e3o na expectativa de san\u00e7\u00e3o integral de suas propostas de aumento. Entre eles, o pessoal da C\u00e2mara, do Tribunal de Contas da Uni\u00e3o, carreir\u00e3o do Executivo, ciclos de gest\u00e3o e financeiro e at\u00e9 das For\u00e7as Armadas, entre outros. S\u00e3o ao todo sete projetos pendentes, que chegaram na Casa Civil entre 14 e 20 de julho, com prazo final para decis\u00e3o de 3 a 9 de agosto. At\u00e9 l\u00e1, muita \u00e1gua pode rolar por baixo da ponte. <\/span><\/span><\/p>\n<p><span style=\"font-family: Utopia,sans-serif\"><span style=\"font-size: small\">Mas a atitude do presidente interino Michel Temer com o Judici\u00e1rio levou esperan\u00e7a aos demais. \u201cN\u00e3o faz sentido tratamento diferenciado. Creio que todos os projetos ser\u00e3o igualmente sancionados na \u00edntegra. O \u00fanico veto talvez ser\u00e1 na cria\u00e7\u00e3o de cargos e na transposi\u00e7\u00e3o de carreiras\u201d, analisou Ant\u00f4nio Augusto Queiroz, diretor do Departamento Intersindical de Assessoria Parlamentar (Diap). <\/span><\/span><\/p>\n<p><span style=\"font-family: Utopia,sans-serif\"><span style=\"font-size: small\">Nem mesmo a exig\u00eancia de n\u00edvel superior (NS) para os cargos de t\u00e9cnico da Secretaria do Tesouro Nacional (STN), da Controladoria-Geral da Uni\u00e3o (CGU) e do Banco Central, motivo de acirrada pol\u00eamica no Senado e somente aprovada com promessa de corte radical pelo Executivo, dever\u00e1 ser barrada. Queiroz lembrou que os gestores dos \u00f3rg\u00e3os onde atuam esses profissionais destacaram a import\u00e2ncia da qualifica\u00e7\u00e3o. A quest\u00e3o \u00e9 pol\u00eamica. Para a Associa\u00e7\u00e3o Nacional dos Analistas do Judici\u00e1rio e do Minist\u00e9rio P\u00fablico da Uni\u00e3o (Anajus), h\u00e1 uma manobra na exig\u00eancia de NS para t\u00e9cnico. <\/span><\/span><\/p>\n<p><span style=\"font-family: Utopia,sans-serif\"><span style=\"font-size: small\">O presidente da Anajus, Alexandre Guimar\u00e3es Fialho, contou que v\u00e1rais categorias j\u00e1 deixaram claro que v\u00e3o pedir equipara\u00e7\u00e3o salarial e de atribui\u00e7\u00f5es com os analistas. \u201cO impacto ser\u00e1 de R$ 10 bilh\u00f5es por ano somente no Poder Judici\u00e1rio\u201d, revelou Fialho. Em \u00f3rg\u00e3os onde as carreiras auxiliares ascenderam dessa forma, \u201cabriu-se uma guerra interna\u201d, como Receita Federal, Pol\u00edcia Federal, Banco Central, Tribunal de Contas de Uni\u00e3o e C\u00e2mara, disse. <\/span><\/span><\/p>\n<p><span style=\"font-family: Utopia,sans-serif\"><span style=\"font-size: small\">Fialho tamb\u00e9m destacou que o desaparecimento de cargos de n\u00edvel m\u00e9dio tirar\u00e1 a oportunidade de 84% da popula\u00e7\u00e3o sem curso superior ingressarem na carreira p\u00fablica. Para Ant\u00f4nio Augusto Queiroz, os argumentos n\u00e3o fazem sentido. \u201cN\u00e3o h\u00e1 possibilidade de equipara\u00e7\u00e3o salarial. A Constitui\u00e7\u00e3o veda a isonomia. Al\u00e9m disso, na maioria, mesmo mantido o n\u00edvel m\u00e9dio, quem tem essa escolaridade n\u00e3o consegue passar. J\u00e1 est\u00e1 provado\u201d. O problema, para o advogado Max Kolbe, especialista em concurso p\u00fablico, \u00e9 a qualidade do ensino. \u201cO conte\u00fado dos certames n\u00e3o obedece a grade curricular. Exige muito mais. Prova de que a administra\u00e7\u00e3o p\u00fablica quer m\u00e3o de obra especializada\u201d, informou. <\/span><\/span><\/p>\n","protected":false},"excerpt":{"rendered":"<p>Enquanto os servidores do Judici\u00e1rio comemoram a aprova\u00e7\u00e3o, sem vetos, do projeto de reajuste salarial de at\u00e9 41,5%, outras carreiras est\u00e3o na expectativa de san\u00e7\u00e3o integral de suas propostas de aumento. Entre eles, o pessoal da C\u00e2mara, do Tribunal de Contas da Uni\u00e3o, carreir\u00e3o do Executivo, ciclos de gest\u00e3o e financeiro e at\u00e9 das For\u00e7as Armadas, entre outros. S\u00e3o ao [&hellip;]<\/p>\n","protected":false},"author":27,"featured_media":0,"comment_status":"open","ping_status":"closed","sticky":false,"template":"","format":"standard","meta":{"footnotes":""},"categories":[2719],"tags":[55,766,2048,2927,9,1300,63,18,2430],"class_list":["post-2349","post","type-post","status-publish","format-standard","hentry","category-servidor","tag-carreiras","tag-casa-civil","tag-diap","tag-espectativa","tag-executivo","tag-projetos","tag-reajuste","tag-salarial","tag-sancao"],"_links":{"self":[{"href":"https:\/\/blogs.correiobraziliense.com.br\/servidor\/wp-json\/wp\/v2\/posts\/2349","targetHints":{"allow":["GET"]}}],"collection":[{"href":"https:\/\/blogs.correiobraziliense.com.br\/servidor\/wp-json\/wp\/v2\/posts"}],"about":[{"href":"https:\/\/blogs.correiobraziliense.com.br\/servidor\/wp-json\/wp\/v2\/types\/post"}],"author":[{"embeddable":true,"href":"https:\/\/blogs.correiobraziliense.com.br\/servidor\/wp-json\/wp\/v2\/users\/27"}],"replies":[{"embeddable":true,"href":"https:\/\/blogs.correiobraziliense.com.br\/servidor\/wp-json\/wp\/v2\/comments?post=2349"}],"version-history":[{"count":1,"href":"https:\/\/blogs.correiobraziliense.com.br\/servidor\/wp-json\/wp\/v2\/posts\/2349\/revisions"}],"predecessor-version":[{"id":2350,"href":"https:\/\/blogs.correiobraziliense.com.br\/servidor\/wp-json\/wp\/v2\/posts\/2349\/revisions\/2350"}],"wp:attachment":[{"href":"https:\/\/blogs.correiobraziliense.com.br\/servidor\/wp-json\/wp\/v2\/media?parent=2349"}],"wp:term":[{"taxonomy":"category","embeddable":true,"href":"https:\/\/blogs.correiobraziliense.com.br\/servidor\/wp-json\/wp\/v2\/categories?post=2349"},{"taxonomy":"post_tag","embeddable":true,"href":"https:\/\/blogs.correiobraziliense.com.br\/servidor\/wp-json\/wp\/v2\/tags?post=2349"}],"curies":[{"name":"wp","href":"https:\/\/api.w.org\/{rel}","templated":true}]}}