{"id":2343,"date":"2016-07-21T17:56:56","date_gmt":"2016-07-21T20:56:56","guid":{"rendered":"https:\/\/blogs.correiobraziliense.com.br\/servidor\/?p=2343"},"modified":"2016-07-21T17:56:56","modified_gmt":"2016-07-21T20:56:56","slug":"mpfdf-denuncia-delcidio-do-amaral-e-mais-seis-pessoas-por-obstrucao-justica","status":"publish","type":"post","link":"https:\/\/blogs.correiobraziliense.com.br\/servidor\/mpfdf-denuncia-delcidio-do-amaral-e-mais-seis-pessoas-por-obstrucao-justica\/","title":{"rendered":"MPF\/DF denuncia Delc\u00eddio do Amaral e mais seis pessoas por obstru\u00e7\u00e3o \u00e0 Justi\u00e7a"},"content":{"rendered":"<p>Al\u00e9m do ex-senador, constam da lista de acusados o ex-presidente Lula e Jos\u00e9 Carlos Bumlai<\/p>\n<p class=\"western\" style=\"vertical-align: baseline;color: #4f4f4f;font: 15px\/22px 'Titillium Web', sans-serif;margin: 20px 0px 1em;letter-spacing: normal;background-color: #ffffff;text-indent: 0px;border: 0px;padding: 0px\" align=\"justify\">O Minist\u00e9rio P\u00fablico Federal (MPF\/DF) apresentou, nesta quinta-feira (21), \u00e0 Justi\u00e7a de Bras\u00edlia denuncia contra sete pessoas. Andr\u00e9 Santos Esteves, Delc\u00eddio do Amaral Gomez, Diogo Ferreira Rodriguez, Edson Siqueira Ribeiro Filho, Jos\u00e9 Carlos Costa Bumlai, Luiz In\u00e1cio Lula da Silva e Maur\u00edcio Barros Bumlai s\u00e3o acusados de agirem irregularmente para atrapalhar as investiga\u00e7\u00f5es da Opera\u00e7\u00e3o Lava Jato.<\/p>\n<p class=\"western\" style=\"vertical-align: baseline;color: #4f4f4f;font: 15px\/22px 'Titillium Web', sans-serif;margin: 20px 0px 1em;letter-spacing: normal;background-color: #ffffff;text-indent: 0px;border: 0px;padding: 0px\" align=\"justify\"><span style=\"font-family: 'Titillium Web', sans-serif;vertical-align: baseline;margin: 0px;border: 0px;padding: 0px\">O caso j\u00e1 havia sido denunciado pelo procurador-geral da Rep\u00fablica (PGR), Rodrigo Janot, em dezembro do ano passado. No entanto, em decorr\u00eancia da perda de foro privilegiado do ex-senador envolvido, Delc\u00eddio do Amaral, e tamb\u00e9m pelo fato de o crime ter ocorrido em Bras\u00edlia, a den\u00fancia foi enviada \u00e0 Justi\u00e7a Federal do DF. Com essa redistribui\u00e7\u00e3o, o MPF\/DF foi acionado para se manifestar sobre a a\u00e7\u00e3o penal e concluiu pela confirma\u00e7\u00e3o integral da den\u00fancia pr\u00e9via do PGR. Al\u00e9m de confirmar os elementos apresentados, o procurador da Rep\u00fablica Ivan Cl\u00e1udio Marx faz acr\u00e9scimos \u00e0 pe\u00e7a inicial, com o objetivo de ampliar a descri\u00e7\u00e3o dos fatos e as provas que envolvem os acusados.\u00a0<span style=\"font-family: 'Titillium Web', sans-serif;vertical-align: baseline;margin: 0px;border: 0px;padding: 0px\">Os crimes apontados est\u00e3o previstos nos artigos 2\u00ba, \u00a7 1\u00ba, da Lei n\u00ba 12.850\/2013, artigos 357\u00a0e 355 do C\u00f3digo Penal.<\/span><\/span><\/p>\n<p class=\"western\" style=\"vertical-align: baseline;color: #4f4f4f;font: 15px\/22px 'Titillium Web', sans-serif;margin: 20px 0px 1em;letter-spacing: normal;background-color: #ffffff;text-indent: 0px;border: 0px;padding: 0px\" align=\"justify\"><span style=\"font-family: 'Titillium Web', sans-serif;vertical-align: baseline;margin: 0px;border: 0px;padding: 0px\">Os detalhes da ratifica\u00e7\u00e3o e aditamento da den\u00fancia n\u00e3o ser\u00e3o divulgados em fun\u00e7\u00e3o do sigilo dos autos. O MPF requereu o levantamento do sigilo ap\u00f3s o recebimento da den\u00fancia.<\/span><\/p>\n","protected":false},"excerpt":{"rendered":"<p>Al\u00e9m do ex-senador, constam da lista de acusados o ex-presidente Lula e Jos\u00e9 Carlos Bumlai O Minist\u00e9rio P\u00fablico Federal (MPF\/DF) apresentou, nesta quinta-feira (21), \u00e0 Justi\u00e7a de Bras\u00edlia denuncia contra sete pessoas. Andr\u00e9 Santos Esteves, Delc\u00eddio do Amaral Gomez, Diogo Ferreira Rodriguez, Edson Siqueira Ribeiro Filho, Jos\u00e9 Carlos Costa Bumlai, Luiz In\u00e1cio Lula da Silva e Maur\u00edcio Barros Bumlai s\u00e3o [&hellip;]<\/p>\n","protected":false},"author":27,"featured_media":0,"comment_status":"open","ping_status":"closed","sticky":false,"template":"","format":"standard","meta":{"footnotes":""},"categories":[2719],"tags":[2918,2922,2921,2917,2919,2920,1456,1361,2916,1407],"class_list":["post-2343","post","type-post","status-publish","format-standard","hentry","category-servidor","tag-andre-esteves","tag-atraplhar","tag-bumlai","tag-delcidio-do-amaral","tag-diogo-rodriguez","tag-edson-filho","tag-investigacoes","tag-lula","tag-mpfdf-denuncia","tag-operacao-lava-jato"],"_links":{"self":[{"href":"https:\/\/blogs.correiobraziliense.com.br\/servidor\/wp-json\/wp\/v2\/posts\/2343","targetHints":{"allow":["GET"]}}],"collection":[{"href":"https:\/\/blogs.correiobraziliense.com.br\/servidor\/wp-json\/wp\/v2\/posts"}],"about":[{"href":"https:\/\/blogs.correiobraziliense.com.br\/servidor\/wp-json\/wp\/v2\/types\/post"}],"author":[{"embeddable":true,"href":"https:\/\/blogs.correiobraziliense.com.br\/servidor\/wp-json\/wp\/v2\/users\/27"}],"replies":[{"embeddable":true,"href":"https:\/\/blogs.correiobraziliense.com.br\/servidor\/wp-json\/wp\/v2\/comments?post=2343"}],"version-history":[{"count":1,"href":"https:\/\/blogs.correiobraziliense.com.br\/servidor\/wp-json\/wp\/v2\/posts\/2343\/revisions"}],"predecessor-version":[{"id":2344,"href":"https:\/\/blogs.correiobraziliense.com.br\/servidor\/wp-json\/wp\/v2\/posts\/2343\/revisions\/2344"}],"wp:attachment":[{"href":"https:\/\/blogs.correiobraziliense.com.br\/servidor\/wp-json\/wp\/v2\/media?parent=2343"}],"wp:term":[{"taxonomy":"category","embeddable":true,"href":"https:\/\/blogs.correiobraziliense.com.br\/servidor\/wp-json\/wp\/v2\/categories?post=2343"},{"taxonomy":"post_tag","embeddable":true,"href":"https:\/\/blogs.correiobraziliense.com.br\/servidor\/wp-json\/wp\/v2\/tags?post=2343"}],"curies":[{"name":"wp","href":"https:\/\/api.w.org\/{rel}","templated":true}]}}