{"id":2335,"date":"2016-07-20T19:49:37","date_gmt":"2016-07-20T22:49:37","guid":{"rendered":"https:\/\/blogs.correiobraziliense.com.br\/servidor\/?p=2335"},"modified":"2016-07-20T19:49:37","modified_gmt":"2016-07-20T22:49:37","slug":"auditores-da-receita-mantem-operacao-padrao-mesmo-depois-da-reuniao-com-meirelles","status":"publish","type":"post","link":"https:\/\/blogs.correiobraziliense.com.br\/servidor\/auditores-da-receita-mantem-operacao-padrao-mesmo-depois-da-reuniao-com-meirelles\/","title":{"rendered":"Auditores da Receita mant\u00eam opera\u00e7\u00e3o padr\u00e3o, mesmo depois da reuni\u00e3o na Fazenda"},"content":{"rendered":"<p>Auditores fiscais da Receita Federal, ap\u00f3s mais de duas horas de reuni\u00e3o com o secret\u00e1rio-executivo da Fazenda, Eduardo Refinetti Guardia, resolveram manter os movimentos de protesto. Ap\u00f3s o encontro, o presidente do Sindicato Nacional da categoria (Sindifisco), Cl\u00e1udio Damasceno, informou a Fazenda se comprometeu a cumprir acordo salarial celebrado em mar\u00e7o, que prev\u00ea reajuste de 21,3% em quatro anos, dos quais 5,5% entrariam nos contracheques j\u00e1 a partir de agosto. O acordo prev\u00ea ainda um b\u00f4nus de R$ 3 mil, tamb\u00e9m a partir do m\u00eas que vem.<\/p>\n<p>Por\u00e9m, como o projeto de lei autorizando o aumento ainda n\u00e3o foi enviado ao Congresso Nacional &#8211; ainda n\u00e3o saiu da Casa Civil -, a categoria faz opera\u00e7\u00e3o padr\u00e3o desde a semana passada. Nesta quarta-feira eles foram recebidos pelo secret\u00e1rio executivo da Fazenda, Eduardo Refinetti Guardia.<\/p>\n<p>Cl\u00e1udio Damasceno, presidente do Sindicato Nacional dos Auditores Fiscais da Receita Federal (Sindifisco), disse que a reuni\u00e3o foi &#8220;positiva&#8221; e que no encontro o governo prometeu resolver a quest\u00e3o \u201cnos pr\u00f3ximos dias\u201d. Mas n\u00e3o esclareceu qual ser\u00e1 o procedimento que ser\u00e1 adotado pela Fazenda para fazer valer o acordado. Diante do recesso parlamentar, segundo o Sindifisco, a \u00fanica sa\u00edda para os servidores terem os recursos no bolso dentro do prazo seria a edi\u00e7\u00e3o de uma Medida Provis\u00f3ria, que entra em vigor na data da publica\u00e7\u00e3o.<\/p>\n<p>Uma das reclama\u00e7\u00f5es de Damasceno, \u00e9 de que a Fazenda enviou \u00e0 Casa Civil um texto cujo conte\u00fado os auditores desconhecem.\u00a0 prevendo o reajuste, mas n\u00e3o revelou ao Sindifisco o modelo adotado nem o conte\u00fado. Segundo ele, a prefer\u00eancia do governo \u00e9 um projeto de lei, mas, nesse caso, pode n\u00e3o haver tempo h\u00e1bil para pagar a primeira parcela do aumento em agosto.<\/p>\n<p>\u201cO fato de o Minist\u00e9rio da Fazenda ratificar o acordo e dizer que est\u00e1 trabalhando para cumpri-lo \u00e9 uma not\u00edcia positiva e ser\u00e1 repassado \u00e0 categoria. Estamos aguardando que pelo menos esse texto saia, para fazer uma an\u00e1lise e a partir da\u00ed deliberar sobre a manuten\u00e7\u00e3o ou n\u00e3o da mobiliza\u00e7\u00e3o\u201d, adiantou.<\/p>\n","protected":false},"excerpt":{"rendered":"<p>Auditores fiscais da Receita Federal, ap\u00f3s mais de duas horas de reuni\u00e3o com o secret\u00e1rio-executivo da Fazenda, Eduardo Refinetti Guardia, resolveram manter os movimentos de protesto. Ap\u00f3s o encontro, o presidente do Sindicato Nacional da categoria (Sindifisco), Cl\u00e1udio Damasceno, informou a Fazenda se comprometeu a cumprir acordo salarial celebrado em mar\u00e7o, que prev\u00ea reajuste de 21,3% em quatro anos, dos [&hellip;]<\/p>\n","protected":false},"author":27,"featured_media":0,"comment_status":"open","ping_status":"closed","sticky":false,"template":"","format":"standard","meta":{"footnotes":""},"categories":[2719],"tags":[112,31,2374,810,2765,555,294,293,18,597],"class_list":["post-2335","post","type-post","status-publish","format-standard","hentry","category-servidor","tag-acordo","tag-auditores","tag-cumprir","tag-ministerio-da-fazenda","tag-operacao-padrao","tag-protestos","tag-receita-federal","tag-reuniao","tag-salarial","tag-sindifisco"],"_links":{"self":[{"href":"https:\/\/blogs.correiobraziliense.com.br\/servidor\/wp-json\/wp\/v2\/posts\/2335","targetHints":{"allow":["GET"]}}],"collection":[{"href":"https:\/\/blogs.correiobraziliense.com.br\/servidor\/wp-json\/wp\/v2\/posts"}],"about":[{"href":"https:\/\/blogs.correiobraziliense.com.br\/servidor\/wp-json\/wp\/v2\/types\/post"}],"author":[{"embeddable":true,"href":"https:\/\/blogs.correiobraziliense.com.br\/servidor\/wp-json\/wp\/v2\/users\/27"}],"replies":[{"embeddable":true,"href":"https:\/\/blogs.correiobraziliense.com.br\/servidor\/wp-json\/wp\/v2\/comments?post=2335"}],"version-history":[{"count":1,"href":"https:\/\/blogs.correiobraziliense.com.br\/servidor\/wp-json\/wp\/v2\/posts\/2335\/revisions"}],"predecessor-version":[{"id":2336,"href":"https:\/\/blogs.correiobraziliense.com.br\/servidor\/wp-json\/wp\/v2\/posts\/2335\/revisions\/2336"}],"wp:attachment":[{"href":"https:\/\/blogs.correiobraziliense.com.br\/servidor\/wp-json\/wp\/v2\/media?parent=2335"}],"wp:term":[{"taxonomy":"category","embeddable":true,"href":"https:\/\/blogs.correiobraziliense.com.br\/servidor\/wp-json\/wp\/v2\/categories?post=2335"},{"taxonomy":"post_tag","embeddable":true,"href":"https:\/\/blogs.correiobraziliense.com.br\/servidor\/wp-json\/wp\/v2\/tags?post=2335"}],"curies":[{"name":"wp","href":"https:\/\/api.w.org\/{rel}","templated":true}]}}