{"id":2333,"date":"2016-07-20T15:09:14","date_gmt":"2016-07-20T18:09:14","guid":{"rendered":"https:\/\/blogs.correiobraziliense.com.br\/servidor\/?p=2333"},"modified":"2016-07-20T15:09:14","modified_gmt":"2016-07-20T18:09:14","slug":"servidores-federais-articulam-unidade-e-debatem-greve-geral","status":"publish","type":"post","link":"https:\/\/blogs.correiobraziliense.com.br\/servidor\/servidores-federais-articulam-unidade-e-debatem-greve-geral\/","title":{"rendered":"Servidores federais articulam unidade e debatem greve geral"},"content":{"rendered":"<p>No dia 10, o Fonasef volta a se reunir em torno de um debate amplo a respeito da constru\u00e7\u00e3o de uma greve geral<\/p>\n<p>Em reuni\u00e3o, na ter\u00e7a-feira (19), o F\u00f3rum das Entidades Nacionais dos Servidores P\u00fablicos Federais (Fonasef), que re\u00fane a maioria dos servidores do Executivo, Legislativo e Judici\u00e1rio debateram a\u00a0 amplia\u00e7\u00e3o da unidade e a\u00e7\u00f5es para lutar contra o ajuste fiscal imposto pelo governo interino, contra projetos que amea\u00e7am servidores e servi\u00e7os p\u00fablicos como \u00e9 o caso do PLP 257\/16 e da PEC 241\/16, informou a Confedera\u00e7\u00e3o Nacional dos Trabalhadores no Servi\u00e7o P\u00fablico Federal (Condsef).<\/p>\n<p>Os dois documentos, no entender da Condsef, t\u00eam propostas de incentivo a uma pol\u00edtica de estado m. &#8220;J\u00e1 em resposta a esses ataques, auditores j\u00e1 aprovaram aderir a uma paralisa\u00e7\u00e3o de atividades a partir do dia 2 de agosto. Servidores da educa\u00e7\u00e3o tamb\u00e9m prop\u00f5em um dia nacional de lutas para o pr\u00f3ximo dia 11. No dia 10, o Fonasef volta a se reunir em torno de um debate amplo a respeito da constru\u00e7\u00e3o de uma greve geral da classe trabalhadora&#8221;, informou a Condsef.<\/p>\n<p>&#8220;Nossos esfor\u00e7os de unidade e mobiliza\u00e7\u00e3o devem continuar. Precisamos estar atentos aos discursos que tentam transferir para os servidores e os servi\u00e7os p\u00fablicos as responsabilidades por desequil\u00edbrios que nada tem a ver com o setor. N\u00e3o podemos permitir que a sociedade encare o servidor como vil\u00e3o de um cen\u00e1rio onde o que falta \u00e9 investimento para garantir servi\u00e7os de qualidade a uma popula\u00e7\u00e3o. Hoje, o pa\u00eds conta com o mesmo n\u00famero de servidores p\u00fablicos que contava h\u00e1 vinte anos. Enquanto isso, a popula\u00e7\u00e3o cresceu junto com as necessidades de aprimoramento dos servi\u00e7os p\u00fablicos&#8221;, refor\u00e7ou a Confedera\u00e7\u00e3o.<\/p>\n<p>\u00c9 preciso cobrar dos governos investimentos adequados e que priorizem pol\u00edticas p\u00fablicas, diz a entidade.<\/p>\n","protected":false},"excerpt":{"rendered":"<p>No dia 10, o Fonasef volta a se reunir em torno de um debate amplo a respeito da constru\u00e7\u00e3o de uma greve geral Em reuni\u00e3o, na ter\u00e7a-feira (19), o F\u00f3rum das Entidades Nacionais dos Servidores P\u00fablicos Federais (Fonasef), que re\u00fane a maioria dos servidores do Executivo, Legislativo e Judici\u00e1rio debateram a\u00a0 amplia\u00e7\u00e3o da unidade e a\u00e7\u00f5es para lutar contra o [&hellip;]<\/p>\n","protected":false},"author":27,"featured_media":0,"comment_status":"open","ping_status":"closed","sticky":false,"template":"","format":"standard","meta":{"footnotes":""},"categories":[2719],"tags":[2905,847,59,2907,15,58,2906],"class_list":["post-2333","post","type-post","status-publish","format-standard","hentry","category-servidor","tag-articulam","tag-debate","tag-federais","tag-geral","tag-greve","tag-servidores","tag-unidade"],"_links":{"self":[{"href":"https:\/\/blogs.correiobraziliense.com.br\/servidor\/wp-json\/wp\/v2\/posts\/2333","targetHints":{"allow":["GET"]}}],"collection":[{"href":"https:\/\/blogs.correiobraziliense.com.br\/servidor\/wp-json\/wp\/v2\/posts"}],"about":[{"href":"https:\/\/blogs.correiobraziliense.com.br\/servidor\/wp-json\/wp\/v2\/types\/post"}],"author":[{"embeddable":true,"href":"https:\/\/blogs.correiobraziliense.com.br\/servidor\/wp-json\/wp\/v2\/users\/27"}],"replies":[{"embeddable":true,"href":"https:\/\/blogs.correiobraziliense.com.br\/servidor\/wp-json\/wp\/v2\/comments?post=2333"}],"version-history":[{"count":1,"href":"https:\/\/blogs.correiobraziliense.com.br\/servidor\/wp-json\/wp\/v2\/posts\/2333\/revisions"}],"predecessor-version":[{"id":2334,"href":"https:\/\/blogs.correiobraziliense.com.br\/servidor\/wp-json\/wp\/v2\/posts\/2333\/revisions\/2334"}],"wp:attachment":[{"href":"https:\/\/blogs.correiobraziliense.com.br\/servidor\/wp-json\/wp\/v2\/media?parent=2333"}],"wp:term":[{"taxonomy":"category","embeddable":true,"href":"https:\/\/blogs.correiobraziliense.com.br\/servidor\/wp-json\/wp\/v2\/categories?post=2333"},{"taxonomy":"post_tag","embeddable":true,"href":"https:\/\/blogs.correiobraziliense.com.br\/servidor\/wp-json\/wp\/v2\/tags?post=2333"}],"curies":[{"name":"wp","href":"https:\/\/api.w.org\/{rel}","templated":true}]}}