{"id":2323,"date":"2016-07-19T18:50:39","date_gmt":"2016-07-19T21:50:39","guid":{"rendered":"https:\/\/blogs.correiobraziliense.com.br\/servidor\/?p=2323"},"modified":"2016-07-19T18:50:39","modified_gmt":"2016-07-19T21:50:39","slug":"auditores-se-reunem-amanha-com-secretario-executivo-da-fazenda-para-destravar-acordo","status":"publish","type":"post","link":"https:\/\/blogs.correiobraziliense.com.br\/servidor\/auditores-se-reunem-amanha-com-secretario-executivo-da-fazenda-para-destravar-acordo\/","title":{"rendered":"Auditores se re\u00fanem amanh\u00e3 com secret\u00e1rio-executivo da Fazenda para destravar acordo"},"content":{"rendered":"<p><em>Como havia determinado o ministro da Fazenda, Henrique Meirelles, na semana passada, a reuni\u00e3o ser\u00e1 nesta quarta-feira, \u00e0s 15h30, com o segundo escal\u00e3o. Apesar da press\u00e3o da categoria, que invadiu o hall do seu gabinete, Meirelles n\u00e3o abriu espa\u00e7o na agenda. <\/em><\/p>\n<p>O presidente do Sindicato Nacional dos Auditores Fiscais da Receita Federal (Sindifisco Nacional), Cl\u00e1udio Damasceno, se re\u00fane nesta quarta-feira (20) com o secret\u00e1rio-executivo do Minist\u00e9rio da Fazenda, Eduardo Refinetti Guardia. O encontro servir\u00e1 para discutir o tr\u00e2mite do reajuste dos auditores fiscais, fechado em 23 de mar\u00e7o passado.<\/p>\n<p>Nos \u00faltimos dias, o Sindifisco intensificou os contatos com representantes do governo, da Receita Federal e com parlamentares para fazer valer o conte\u00fado integral do acordo. Isso porque, com o recesso do Congresso, o projeto de lei que embutia a pauta remunerat\u00f3ria da categoria se tornou praticamente in\u00f3cuo. Para que possa ser efetivado a partir de agosto, como alinhavado com o governo da presidente afastada Dilma Rousseff, o encaminhamento deve ser por medida provis\u00f3ria, informou o Sindifisco.<\/p>\n<p>Por causa dessa dificuldade, desde a semana passada os auditores fazem opera\u00e7\u00f5es padr\u00e3o \u00e0s ter\u00e7as e quintas-feiras nas aduanas de portos, aeroportos e postos de fronteira. A mobiliza\u00e7\u00e3o \u00e9 no desembarque de carga, mas pode se repetir tamb\u00e9m no desembarque de bagagens de voos internacionais \u2013 como aconteceu dia 14. Segundas, quartas e sextas os auditores est\u00e3o em opera\u00e7\u00e3o Meta Zero \u2013 represamento dos cr\u00e9ditos tribut\u00e1rios que a Uni\u00e3o tem a receber.<\/p>\n<p><strong><em>No<\/em><\/strong> dia 15, o Sindifisco Nacional divulgou duas notas. A primeira, mostrando que o acordo estava empacado no Minist\u00e9rio do Planejamento por que \u201cservidores inconformados com o desfecho alcan\u00e7ado pela campanha salarial dos auditores abusam de suas atribui\u00e7\u00f5es com o objetivo claro de evitar a implementa\u00e7\u00e3o do b\u00f4nus de efici\u00eancia na Receita Federal do Brasil\u201d.<\/p>\n<p>A segunda foi conjunta, com entidades de categorias igualmente preteridas. \u201cO compromisso do governo e a palavra dos presidentes Michel Temer e Dilma Rousseff devem valer para todos os casos, porque celebrados no espa\u00e7o p\u00fablico, com transpar\u00eancia e lealdade\u201d.<\/p>\n<p><strong>O que?<\/strong> Reuni\u00e3o da Diretoria Executiva Nacional do Sindifisco Nacional com o secret\u00e1rio-executivo do Minist\u00e9rio da Fazenda.<\/p>\n<p><strong>Quando<\/strong>? Dia 20, a partir das 15h30.<\/p>\n<p><strong>Onde?<\/strong> Minist\u00e9rio da Fazenda, Bloco P da Esplanada dos Minist\u00e9rios<\/p>\n","protected":false},"excerpt":{"rendered":"<p>Como havia determinado o ministro da Fazenda, Henrique Meirelles, na semana passada, a reuni\u00e3o ser\u00e1 nesta quarta-feira, \u00e0s 15h30, com o segundo escal\u00e3o. Apesar da press\u00e3o da categoria, que invadiu o hall do seu gabinete, Meirelles n\u00e3o abriu espa\u00e7o na agenda. O presidente do Sindicato Nacional dos Auditores Fiscais da Receita Federal (Sindifisco Nacional), Cl\u00e1udio Damasceno, se re\u00fane nesta quarta-feira [&hellip;]<\/p>\n","protected":false},"author":27,"featured_media":0,"comment_status":"open","ping_status":"closed","sticky":false,"template":"","format":"standard","meta":{"footnotes":""},"categories":[2719],"tags":[112,1527,31,2893,2895,2894,810,293,18,2110],"class_list":["post-2323","post","type-post","status-publish","format-standard","hentry","category-servidor","tag-acordo","tag-agenda","tag-auditores","tag-destravar","tag-eapaco","tag-meirlles","tag-ministerio-da-fazenda","tag-reuniao","tag-salarial","tag-secretario-executivo"],"_links":{"self":[{"href":"https:\/\/blogs.correiobraziliense.com.br\/servidor\/wp-json\/wp\/v2\/posts\/2323","targetHints":{"allow":["GET"]}}],"collection":[{"href":"https:\/\/blogs.correiobraziliense.com.br\/servidor\/wp-json\/wp\/v2\/posts"}],"about":[{"href":"https:\/\/blogs.correiobraziliense.com.br\/servidor\/wp-json\/wp\/v2\/types\/post"}],"author":[{"embeddable":true,"href":"https:\/\/blogs.correiobraziliense.com.br\/servidor\/wp-json\/wp\/v2\/users\/27"}],"replies":[{"embeddable":true,"href":"https:\/\/blogs.correiobraziliense.com.br\/servidor\/wp-json\/wp\/v2\/comments?post=2323"}],"version-history":[{"count":1,"href":"https:\/\/blogs.correiobraziliense.com.br\/servidor\/wp-json\/wp\/v2\/posts\/2323\/revisions"}],"predecessor-version":[{"id":2324,"href":"https:\/\/blogs.correiobraziliense.com.br\/servidor\/wp-json\/wp\/v2\/posts\/2323\/revisions\/2324"}],"wp:attachment":[{"href":"https:\/\/blogs.correiobraziliense.com.br\/servidor\/wp-json\/wp\/v2\/media?parent=2323"}],"wp:term":[{"taxonomy":"category","embeddable":true,"href":"https:\/\/blogs.correiobraziliense.com.br\/servidor\/wp-json\/wp\/v2\/categories?post=2323"},{"taxonomy":"post_tag","embeddable":true,"href":"https:\/\/blogs.correiobraziliense.com.br\/servidor\/wp-json\/wp\/v2\/tags?post=2323"}],"curies":[{"name":"wp","href":"https:\/\/api.w.org\/{rel}","templated":true}]}}