{"id":2319,"date":"2016-07-19T15:06:04","date_gmt":"2016-07-19T18:06:04","guid":{"rendered":"https:\/\/blogs.correiobraziliense.com.br\/servidor\/?p=2319"},"modified":"2016-07-19T15:06:04","modified_gmt":"2016-07-19T18:06:04","slug":"defensores-publicos-federais-entregam-cargos-de-chefia-e-mantem-mobilizacao","status":"publish","type":"post","link":"https:\/\/blogs.correiobraziliense.com.br\/servidor\/defensores-publicos-federais-entregam-cargos-de-chefia-e-mantem-mobilizacao\/","title":{"rendered":"Defensores p\u00fablicos federais entregam cargos de chefia e mant\u00eam mobiliza\u00e7\u00e3o"},"content":{"rendered":"<p>Os defensores p\u00fablicos federais est\u00e3o em estado de mobiliza\u00e7\u00e3o nacional desde segunda-feira, 18 de julho. De acordo com a Associa\u00e7\u00e3o Nacional dos Defensores P\u00fablicos Federais (Anadef) as a\u00e7\u00f5es incluem restri\u00e7\u00e3o do n\u00famero de atendimentos,\u00a0at\u00e9 a aprova\u00e7\u00e3o pelo Senado Federal do PLC 32\/2016, que trata do subs\u00eddio do defensor p\u00fablico-geral federal. A decis\u00e3o, tomada em assembleia, na \u00faltima sexta-feira (15), destaca ainda que a mobiliza\u00e7\u00e3o dever\u00e1 ser intensificada ap\u00f3s o per\u00edodo de recesso legislativo, quando os defensores somente atuar\u00e3o em<strong>\u00a0<\/strong>demandas urgentes, como as que envolvam restri\u00e7\u00e3o \u00e0 liberdade de locomo\u00e7\u00e3o, perecimento de direito e periclita\u00e7\u00e3o da vida e da sa\u00fade.<\/p>\n<p>Os defensores p\u00fablicos federais decidiram tamb\u00e9m manter a entrega coletiva e n\u00e3o assun\u00e7\u00e3o de cargos de chefia, atividades administrativas, coordena\u00e7\u00f5es e participa\u00e7\u00e3o em conselhos, grupos e comit\u00eas at\u00e9 a aprova\u00e7\u00e3o do PLC 32\/2016. A entrega dos cargos tamb\u00e9m suspende a participa\u00e7\u00e3o dos defensores em mutir\u00f5es de concilia\u00e7\u00e3o e em todos os projetos e audi\u00eancias itinerantes realizadas pela Justi\u00e7a Federal, a partir 18 de julho.<\/p>\n<p>A Associa\u00e7\u00e3o destaca que a aprova\u00e7\u00e3o do PLC 32\/2016 \u00e9 necess\u00e1ria para recompor parte das perdas inflacion\u00e1rias dos \u00faltimos anos e que a mobiliza\u00e7\u00e3o e a entrega dos cargos \u00e9 resultado da aus\u00eancia de estrutura\u00e7\u00e3o adequada das unidades da DPU e do tratamento discriminat\u00f3rio dispensado pelo governo federal em compara\u00e7\u00e3o \u00e0s demais carreiras que comp\u00f5em o Sistema de Justi\u00e7a.<\/p>\n<p>A Anadef reitera que a presta\u00e7\u00e3o de assist\u00eancia jur\u00eddica integral e gratuita \u00e9 um direito fundamental da popula\u00e7\u00e3o e garantida pela Carta Magna. \u00c9 urgente valorizar os 627 membros em atividade da DPU, que atendem a 120 milh\u00f5es de cidad\u00e3os necessitados em todo o Brasil.<\/p>\n","protected":false},"excerpt":{"rendered":"<p>Os defensores p\u00fablicos federais est\u00e3o em estado de mobiliza\u00e7\u00e3o nacional desde segunda-feira, 18 de julho. De acordo com a Associa\u00e7\u00e3o Nacional dos Defensores P\u00fablicos Federais (Anadef) as a\u00e7\u00f5es incluem restri\u00e7\u00e3o do n\u00famero de atendimentos,\u00a0at\u00e9 a aprova\u00e7\u00e3o pelo Senado Federal do PLC 32\/2016, que trata do subs\u00eddio do defensor p\u00fablico-geral federal. A decis\u00e3o, tomada em assembleia, na \u00faltima sexta-feira (15), destaca [&hellip;]<\/p>\n","protected":false},"author":27,"featured_media":0,"comment_status":"open","ping_status":"closed","sticky":false,"template":"","format":"standard","meta":{"footnotes":""},"categories":[2719],"tags":[2743,513,791,2807,2883,59,2884,481,70,24,63,2885,18],"class_list":["post-2319","post","type-post","status-publish","format-standard","hentry","category-servidor","tag-anadef","tag-atendimentos","tag-cargos","tag-defensores","tag-entregam","tag-federais","tag-mantem","tag-mobilizacao","tag-nacional","tag-publicos","tag-reajuste","tag-restricao","tag-salarial"],"_links":{"self":[{"href":"https:\/\/blogs.correiobraziliense.com.br\/servidor\/wp-json\/wp\/v2\/posts\/2319","targetHints":{"allow":["GET"]}}],"collection":[{"href":"https:\/\/blogs.correiobraziliense.com.br\/servidor\/wp-json\/wp\/v2\/posts"}],"about":[{"href":"https:\/\/blogs.correiobraziliense.com.br\/servidor\/wp-json\/wp\/v2\/types\/post"}],"author":[{"embeddable":true,"href":"https:\/\/blogs.correiobraziliense.com.br\/servidor\/wp-json\/wp\/v2\/users\/27"}],"replies":[{"embeddable":true,"href":"https:\/\/blogs.correiobraziliense.com.br\/servidor\/wp-json\/wp\/v2\/comments?post=2319"}],"version-history":[{"count":1,"href":"https:\/\/blogs.correiobraziliense.com.br\/servidor\/wp-json\/wp\/v2\/posts\/2319\/revisions"}],"predecessor-version":[{"id":2320,"href":"https:\/\/blogs.correiobraziliense.com.br\/servidor\/wp-json\/wp\/v2\/posts\/2319\/revisions\/2320"}],"wp:attachment":[{"href":"https:\/\/blogs.correiobraziliense.com.br\/servidor\/wp-json\/wp\/v2\/media?parent=2319"}],"wp:term":[{"taxonomy":"category","embeddable":true,"href":"https:\/\/blogs.correiobraziliense.com.br\/servidor\/wp-json\/wp\/v2\/categories?post=2319"},{"taxonomy":"post_tag","embeddable":true,"href":"https:\/\/blogs.correiobraziliense.com.br\/servidor\/wp-json\/wp\/v2\/tags?post=2319"}],"curies":[{"name":"wp","href":"https:\/\/api.w.org\/{rel}","templated":true}]}}