{"id":2317,"date":"2016-07-19T14:47:01","date_gmt":"2016-07-19T17:47:01","guid":{"rendered":"https:\/\/blogs.correiobraziliense.com.br\/servidor\/?p=2317"},"modified":"2016-07-19T14:47:01","modified_gmt":"2016-07-19T17:47:01","slug":"whatsapp-projeto-para-evitar-bloqueios","status":"publish","type":"post","link":"https:\/\/blogs.correiobraziliense.com.br\/servidor\/whatsapp-projeto-para-evitar-bloqueios\/","title":{"rendered":"Whatsapp: Projeto para evitar bloqueios"},"content":{"rendered":"<p><em>A Comiss\u00e3o de Ci\u00eancia e Tecnologia, Comunica\u00e7\u00e3o e Inform\u00e1tica dever\u00e1 votar, no pr\u00f3ximo semestre, projeto de lei de autoria do deputado Arthur Maia (PPS-BA), vice-l\u00edder do governo na C\u00e2mara, que veda a concess\u00e3o, pelo Poder Judici\u00e1rio, de medidas cautelares ou a determina\u00e7\u00e3o de provid\u00eancias que impliquem o bloqueio de aplica\u00e7\u00f5es de comunica\u00e7\u00e3o de uso p\u00fablico via internet, como o Whatsapp.<\/em><\/p>\n<p>Nesta ter\u00e7a-feira, as operadoras de telefonia foram comunicadas que deveriam bloquear mais uma vez o Whastsapp porque a ju\u00edza de fiscaliza\u00e7\u00e3o da Vara de Execu\u00e7\u00f5es Penais do Rio de Janeiro Daniela Barbosa Assun\u00e7\u00e3o de Souza quer que o Facebook, empresa respons\u00e1vel pelo aplicativo, desvie mensagens de pessoas investigadas antes de elas serem criptografas. Esta \u00e9 a terceira vez que o Whatsapp \u00e9 suspenso no Brasil.<\/p>\n<p>Na avalia\u00e7\u00e3o de Arthur Maia, o bloqueio \u00e9 abusivo, pois os ju\u00edzes n\u00e3o t\u00eam o poder de cercear a comunica\u00e7\u00e3o de milh\u00f5es de pessoas. \u201cN\u00e3o somos r\u00e9us para ficarmos todos submetidos a decis\u00e3o t\u00e3o desproporcional\u201d, protestou Maia. No entender do parlamentar, a aplica\u00e7\u00e3o de multas poderia ter o mesmo efeito coercitivo que Daniela quer conseguir com a suspens\u00e3o do servi\u00e7o. Maia afirmou que o projeto que apresentou, que modifica o Marco Civil da Internet, tem o objetivo de evitar bloqueios como o que a ju\u00edza determinou.<\/p>\n<p>Segundo o jornal O Globo, a ju\u00edza afirmou que o Facebook foi notificado para que fizesse a intercepta\u00e7\u00e3o e respondeu que n\u00e3o arquiva nem copia mensagens compartilhadas. Daniela quer, no entanto, que os textos e imagens sejam desviados em tempo real. O processo a que se refere a determina\u00e7\u00e3o da ju\u00edza envolve pessoas que est\u00e3o sendo investigadas em Duque de Caxias, na Baixada Fluminense.<\/p>\n<p>Ao justificar o projeto que veda a concess\u00e3o de medidas que acarretem bloqueios de aplicativos de comunica\u00e7\u00e3o, Maia salienta que a interrup\u00e7\u00e3o do servi\u00e7o tem impactos em todo o pa\u00eds. \u201cS\u00e3o prejudicadas in\u00fameras pessoas que utilizam o Whatsapp e outros semelhantes para fins profissionais ou comerciais\u201d.<\/p>\n","protected":false},"excerpt":{"rendered":"<p>A Comiss\u00e3o de Ci\u00eancia e Tecnologia, Comunica\u00e7\u00e3o e Inform\u00e1tica dever\u00e1 votar, no pr\u00f3ximo semestre, projeto de lei de autoria do deputado Arthur Maia (PPS-BA), vice-l\u00edder do governo na C\u00e2mara, que veda a concess\u00e3o, pelo Poder Judici\u00e1rio, de medidas cautelares ou a determina\u00e7\u00e3o de provid\u00eancias que impliquem o bloqueio de aplica\u00e7\u00f5es de comunica\u00e7\u00e3o de uso p\u00fablico via internet, como o Whatsapp. [&hellip;]<\/p>\n","protected":false},"author":27,"featured_media":0,"comment_status":"open","ping_status":"closed","sticky":false,"template":"","format":"standard","meta":{"footnotes":""},"categories":[2719],"tags":[2878,2880,2877,2882,1137,101,2881,2879,560],"class_list":["post-2317","post","type-post","status-publish","format-standard","hentry","category-servidor","tag-bloqueios","tag-cautelares","tag-evitar","tag-internet","tag-poder-judiciario","tag-projeto","tag-providencia","tag-veda","tag-whatsapp"],"_links":{"self":[{"href":"https:\/\/blogs.correiobraziliense.com.br\/servidor\/wp-json\/wp\/v2\/posts\/2317","targetHints":{"allow":["GET"]}}],"collection":[{"href":"https:\/\/blogs.correiobraziliense.com.br\/servidor\/wp-json\/wp\/v2\/posts"}],"about":[{"href":"https:\/\/blogs.correiobraziliense.com.br\/servidor\/wp-json\/wp\/v2\/types\/post"}],"author":[{"embeddable":true,"href":"https:\/\/blogs.correiobraziliense.com.br\/servidor\/wp-json\/wp\/v2\/users\/27"}],"replies":[{"embeddable":true,"href":"https:\/\/blogs.correiobraziliense.com.br\/servidor\/wp-json\/wp\/v2\/comments?post=2317"}],"version-history":[{"count":1,"href":"https:\/\/blogs.correiobraziliense.com.br\/servidor\/wp-json\/wp\/v2\/posts\/2317\/revisions"}],"predecessor-version":[{"id":2318,"href":"https:\/\/blogs.correiobraziliense.com.br\/servidor\/wp-json\/wp\/v2\/posts\/2317\/revisions\/2318"}],"wp:attachment":[{"href":"https:\/\/blogs.correiobraziliense.com.br\/servidor\/wp-json\/wp\/v2\/media?parent=2317"}],"wp:term":[{"taxonomy":"category","embeddable":true,"href":"https:\/\/blogs.correiobraziliense.com.br\/servidor\/wp-json\/wp\/v2\/categories?post=2317"},{"taxonomy":"post_tag","embeddable":true,"href":"https:\/\/blogs.correiobraziliense.com.br\/servidor\/wp-json\/wp\/v2\/tags?post=2317"}],"curies":[{"name":"wp","href":"https:\/\/api.w.org\/{rel}","templated":true}]}}