{"id":2315,"date":"2016-07-19T14:36:24","date_gmt":"2016-07-19T17:36:24","guid":{"rendered":"https:\/\/blogs.correiobraziliense.com.br\/servidor\/?p=2315"},"modified":"2016-07-19T14:36:24","modified_gmt":"2016-07-19T17:36:24","slug":"1o-encontro-com-blogueiros-realizado-da-defensoria-publica-df","status":"publish","type":"post","link":"https:\/\/blogs.correiobraziliense.com.br\/servidor\/1o-encontro-com-blogueiros-realizado-da-defensoria-publica-df\/","title":{"rendered":"1\u00ba Encontro com Blogueiros realizado da Defensoria P\u00fablica DF"},"content":{"rendered":"<p>A Defensoria P\u00fablica do Distrito Federal far\u00e1 o 1\u00ba caf\u00e9 com blogueiros, no dia 26 de julho, ter\u00e7a-feira, para estreitar o relacionamento do \u00f3rg\u00e3o com os comunicadores da internet e apresentar, em um caf\u00e9 para blogs convidados, as a\u00e7\u00f5es do \u00f3rg\u00e3o. Aberto \u00e0 imprensa.<\/p>\n<p>O defensor p\u00fablico-geral do Distrito Federal, Ricardo Batista, receber\u00e1 os blogueiros para um caf\u00e9, seguido de apresenta\u00e7\u00e3o dos projetos do \u00f3rg\u00e3o e em seguida dos blogueiros. A Defensoria P\u00fablica do DF presta assist\u00eancia jur\u00eddica integral, gratuita e de qualidade \u00e0 popula\u00e7\u00e3o hipossuficiente, entre outros projetos.<\/p>\n<p><span style=\"color: #222222\"><span style=\"font-family: arial,sans-serif\">O evento ser\u00e1 para\u00a0<\/span><\/span><span style=\"color: #222222\"><span style=\"font-family: arial,sans-serif\">30 blogueiros<\/span><\/span><span style=\"color: #222222\"><span style=\"font-family: arial,sans-serif\">, por isso,\u00a0<\/span><\/span><span style=\"color: #222222\"><span style=\"font-family: arial,sans-serif\">confirme presen\u00e7a<\/span><\/span><span style=\"color: #222222\">\u00a0<\/span><span style=\"color: #222222\"><span style=\"font-family: arial,sans-serif\">o quanto antes (Blogueiros &amp; Novas M\u00eddias Bras\u00edlia &#8211; blogueirosdf@gmail.com) O encontro conta com apoio do Movimento dos Blogueiros de Bras\u00edlia \u2013 MBB e da Associa\u00e7\u00e3o Brasiliense de Blogueiros de Pol\u00edtica \u2013 ABBP. O encontro \u00e9 aberto a todos os blogueiros do Distrito Federal, confirmados.<br \/>\n<\/span><\/span><\/p>\n","protected":false},"excerpt":{"rendered":"<p>A Defensoria P\u00fablica do Distrito Federal far\u00e1 o 1\u00ba caf\u00e9 com blogueiros, no dia 26 de julho, ter\u00e7a-feira, para estreitar o relacionamento do \u00f3rg\u00e3o com os comunicadores da internet e apresentar, em um caf\u00e9 para blogs convidados, as a\u00e7\u00f5es do \u00f3rg\u00e3o. Aberto \u00e0 imprensa. O defensor p\u00fablico-geral do Distrito Federal, Ricardo Batista, receber\u00e1 os blogueiros para um caf\u00e9, seguido de [&hellip;]<\/p>\n","protected":false},"author":27,"featured_media":0,"comment_status":"open","ping_status":"closed","sticky":false,"template":"","format":"standard","meta":{"footnotes":""},"categories":[2719],"tags":[2875,828,2876,68,2874],"class_list":["post-2315","post","type-post","status-publish","format-standard","hentry","category-servidor","tag-blogueiros","tag-cafe","tag-defensoria-publica","tag-df","tag-encontro"],"_links":{"self":[{"href":"https:\/\/blogs.correiobraziliense.com.br\/servidor\/wp-json\/wp\/v2\/posts\/2315","targetHints":{"allow":["GET"]}}],"collection":[{"href":"https:\/\/blogs.correiobraziliense.com.br\/servidor\/wp-json\/wp\/v2\/posts"}],"about":[{"href":"https:\/\/blogs.correiobraziliense.com.br\/servidor\/wp-json\/wp\/v2\/types\/post"}],"author":[{"embeddable":true,"href":"https:\/\/blogs.correiobraziliense.com.br\/servidor\/wp-json\/wp\/v2\/users\/27"}],"replies":[{"embeddable":true,"href":"https:\/\/blogs.correiobraziliense.com.br\/servidor\/wp-json\/wp\/v2\/comments?post=2315"}],"version-history":[{"count":1,"href":"https:\/\/blogs.correiobraziliense.com.br\/servidor\/wp-json\/wp\/v2\/posts\/2315\/revisions"}],"predecessor-version":[{"id":2316,"href":"https:\/\/blogs.correiobraziliense.com.br\/servidor\/wp-json\/wp\/v2\/posts\/2315\/revisions\/2316"}],"wp:attachment":[{"href":"https:\/\/blogs.correiobraziliense.com.br\/servidor\/wp-json\/wp\/v2\/media?parent=2315"}],"wp:term":[{"taxonomy":"category","embeddable":true,"href":"https:\/\/blogs.correiobraziliense.com.br\/servidor\/wp-json\/wp\/v2\/categories?post=2315"},{"taxonomy":"post_tag","embeddable":true,"href":"https:\/\/blogs.correiobraziliense.com.br\/servidor\/wp-json\/wp\/v2\/tags?post=2315"}],"curies":[{"name":"wp","href":"https:\/\/api.w.org\/{rel}","templated":true}]}}