{"id":2301,"date":"2016-07-17T21:05:08","date_gmt":"2016-07-18T00:05:08","guid":{"rendered":"https:\/\/blogs.correiobraziliense.com.br\/servidor\/?p=2301"},"modified":"2016-07-17T21:05:08","modified_gmt":"2016-07-18T00:05:08","slug":"delegados-da-policia-federal-ameacam-cruzar-os-bracos","status":"publish","type":"post","link":"https:\/\/blogs.correiobraziliense.com.br\/servidor\/delegados-da-policia-federal-ameacam-cruzar-os-bracos\/","title":{"rendered":"Delegados da Pol\u00edcia Federal amea\u00e7am cruzar os bra\u00e7os"},"content":{"rendered":"<p><em>A Associa\u00e7\u00e3o dos Delegados da Pol\u00edcia Federal (ADPF) convocou assembleia geral extraordin\u00e1ria para esta segunda-feira (18). Entre as pautas est\u00e3o um dia de paralisa\u00e7\u00e3o entre 25 e 29 de julho e greve geral a partir de 1\u00ba de agosto, por prazo indeterminado &#8211; al\u00e9m de requerimentos de exonera\u00e7\u00e3o de chefia -, em protesto contra a morosidade do governo em enviar ao Congresso os PLs com o reajuste salarial da categoria<\/em><\/p>\n<p>O Presidente da Associa\u00e7\u00e3o Nacional dos Delegados de Pol\u00edcia Federal (ADPF), Carlos Eduardo Sobral, considerando que at\u00e9 o presente momento o governo federal n\u00e3o cumpriu o Termo de Acordo 006\/2016 firmado com a ADPF ao n\u00e3o encaminhar ao Congresso Nacional o Projeto de Lei para o reajuste salarial dos Delegados de Pol\u00edcia, tamb\u00e9m n\u00e3o comunicou que o acordo firmado ser\u00e1 fielmente cumprido; manifestando a vontade de ado\u00e7\u00e3o de medidas mais incisivas para que o acordo seja cumprido, considerando que \u00a0n\u00e3o houve declara\u00e7\u00e3o pol\u00edtica do governo federal, que os delegados federais est\u00e3o insatisfeitos com a atual situa\u00e7\u00e3o e por isso diversos diretores regionais e mais de 160 associados da ADPF solicitaram assembleias para discutir a realiza\u00e7\u00e3o de atos p\u00fablicos, paralisa\u00e7\u00f5es e, at\u00e9 mesmo, greve se o governo n\u00e3o encaminhar imediatamente o Projeto de Lei de reajuste salarial dos delegados de Pol\u00edcia Federal, resolve:<br \/>\n&#8211; Convocar os senhores Diretores Regionais da ADPF para que realizem<br \/>\nASSEMBLEIAS REGIONAIS nas respectivas unidades, no dia 18 de julho de 2016, em hor\u00e1rio e local a ser definidos pelos Diretores Regionais, para debater e deliberar sobre:<br \/>\na) Declara\u00e7\u00e3o imediata de indicativo de greve;<\/p>\n<p>b) Um dia de paralisa\u00e7\u00e3o na semana de 25 a 29 de Julho;<\/p>\n<p>c) Declara\u00e7\u00e3o de greve geral a partir de 01 de Agosto, por prazo indeterminado;<\/p>\n<p>d) Apresenta\u00e7\u00e3o dos Requerimentos de Exonera\u00e7\u00e3o de Chefias, no dia 01 de Agosto &#8211; conforme modelo em anexo.<\/p>\n<p>&nbsp;<\/p>\n","protected":false},"excerpt":{"rendered":"<p>A Associa\u00e7\u00e3o dos Delegados da Pol\u00edcia Federal (ADPF) convocou assembleia geral extraordin\u00e1ria para esta segunda-feira (18). Entre as pautas est\u00e3o um dia de paralisa\u00e7\u00e3o entre 25 e 29 de julho e greve geral a partir de 1\u00ba de agosto, por prazo indeterminado &#8211; al\u00e9m de requerimentos de exonera\u00e7\u00e3o de chefia -, em protesto contra a morosidade do governo em enviar [&hellip;]<\/p>\n","protected":false},"author":27,"featured_media":0,"comment_status":"open","ping_status":"closed","sticky":false,"template":"","format":"standard","meta":{"footnotes":""},"categories":[2719],"tags":[2854,232,2285,98,15,2284,506,2753,104,718,63,18],"class_list":["post-2301","post","type-post","status-publish","format-standard","hentry","category-servidor","tag-amecam","tag-delegados","tag-envio","tag-governo","tag-greve","tag-morosidade","tag-paralisacao","tag-pls","tag-policia-federal","tag-protesto","tag-reajuste","tag-salarial"],"_links":{"self":[{"href":"https:\/\/blogs.correiobraziliense.com.br\/servidor\/wp-json\/wp\/v2\/posts\/2301","targetHints":{"allow":["GET"]}}],"collection":[{"href":"https:\/\/blogs.correiobraziliense.com.br\/servidor\/wp-json\/wp\/v2\/posts"}],"about":[{"href":"https:\/\/blogs.correiobraziliense.com.br\/servidor\/wp-json\/wp\/v2\/types\/post"}],"author":[{"embeddable":true,"href":"https:\/\/blogs.correiobraziliense.com.br\/servidor\/wp-json\/wp\/v2\/users\/27"}],"replies":[{"embeddable":true,"href":"https:\/\/blogs.correiobraziliense.com.br\/servidor\/wp-json\/wp\/v2\/comments?post=2301"}],"version-history":[{"count":1,"href":"https:\/\/blogs.correiobraziliense.com.br\/servidor\/wp-json\/wp\/v2\/posts\/2301\/revisions"}],"predecessor-version":[{"id":2302,"href":"https:\/\/blogs.correiobraziliense.com.br\/servidor\/wp-json\/wp\/v2\/posts\/2301\/revisions\/2302"}],"wp:attachment":[{"href":"https:\/\/blogs.correiobraziliense.com.br\/servidor\/wp-json\/wp\/v2\/media?parent=2301"}],"wp:term":[{"taxonomy":"category","embeddable":true,"href":"https:\/\/blogs.correiobraziliense.com.br\/servidor\/wp-json\/wp\/v2\/categories?post=2301"},{"taxonomy":"post_tag","embeddable":true,"href":"https:\/\/blogs.correiobraziliense.com.br\/servidor\/wp-json\/wp\/v2\/tags?post=2301"}],"curies":[{"name":"wp","href":"https:\/\/api.w.org\/{rel}","templated":true}]}}