{"id":2284,"date":"2016-07-15T12:44:03","date_gmt":"2016-07-15T15:44:03","guid":{"rendered":"https:\/\/blogs.correiobraziliense.com.br\/servidor\/?p=2284"},"modified":"2016-07-15T12:44:03","modified_gmt":"2016-07-15T15:44:03","slug":"estado-de-sc-paga-metade-do-13o-salario-dos-servidores-nesta-sexta-feira","status":"publish","type":"post","link":"https:\/\/blogs.correiobraziliense.com.br\/servidor\/estado-de-sc-paga-metade-do-13o-salario-dos-servidores-nesta-sexta-feira\/","title":{"rendered":"Estado de SC paga a metade do 13\u00ba sal\u00e1rio dos servidores nesta sexta-feira"},"content":{"rendered":"<p style=\"font-size: 0.9em;font-family: Titillium, sans-serif;line-height: 17px\"><em>Os servidores p\u00fablicos estaduais recebem, nesta sexta-feira, 15, a metade do 13\u00ba sal\u00e1rio. Somando o valor aos pagamentos de junho e julho, entraram R$ 2,3 bilh\u00f5es na economia catarinense num intervalo de 30 dias, informou o governo do Estado.<\/em><\/p>\n<p style=\"font-size: 0.9em;font-family: Titillium, sans-serif;line-height: 17px\">Este \u00e9 o 10\u00ba ano consecutivo que o Estado antecipa o pagamento do 13\u00ba. A medida foi anunciada pelo governador Raimundo Colombo em reuni\u00e3o com servidores, no dia 1\u00ba de julho. O gesto \u00e9 visto como uma importante demonstra\u00e7\u00e3o de for\u00e7a de Santa Catarina, especialmente num momento em que muitos Estados t\u00eam dificuldades para manter os pagamentos em dia. \u201cS\u00f3 n\u00e3o podemos passar a impress\u00e3o de que n\u00e3o temos problemas: teremos um segundo semestre duro\u201d, alertou o governador. O secret\u00e1rio da Fazenda, Antonio Gavazzoni, observa que o pagamento \u00e9 aguardado com expectativa pelo com\u00e9rcio. \u201cEssa antecipa\u00e7\u00e3o reflete o diferencial de Santa Catarina em meio \u00e0 crise\u201d, disse o secret\u00e1rio.<\/p>\n<p style=\"font-size: 0.9em;font-family: Titillium, sans-serif;line-height: 17px\">Os c\u00e1lculos mostram que 150.701 servidores est\u00e3o aptos a receber a metade do 13\u00ba sal\u00e1rio. Nesta lista, est\u00e3o 89.250 ativos e 50.727 inativos do Poder Executivo e 10.724 pensionistas pagos pelo Iprev. N\u00e3o entram na conta as estatais Casan, Badesc e Celesc.<\/p>\n<p style=\"font-size: 0.9em;font-family: Titillium, sans-serif;line-height: 17px\">A proje\u00e7\u00e3o de gastos totais com a folha de pagamento dos servidores p\u00fablicos estaduais de janeiro a julho \u00e9 de R$ 6,7 bilh\u00f5es, de acordo com a Diretoria do Tesouro Estadual.<\/p>\n<table style=\"font-size: 12px;font-family: IstokWebRegular, Arial, FreeSans, sans-serif;width: 578px;vertical-align: baseline;border-collapse: collapse;color: #2e2e2e;margin: 0px;border-spacing: 0px;letter-spacing: 0px;line-height: 18px;border: 0px;padding: 0px\" border=\"0\" cellspacing=\"0\" cellpadding=\"0\">\n<tbody style=\"vertical-align: baseline;background: none transparent scroll repeat 0% 0%;margin: 0px;border: 0px;padding: 0px\">\n<tr style=\"border-left-width: 0px;border-right-width: 0px;vertical-align: baseline;background: none transparent scroll repeat 0% 0%;border-bottom: #cccccc 1px solid;margin: 0px;border-top-width: 0px;padding: 0px\">\n<td style=\"height: 47px;width: 123px;vertical-align: middle;background: none transparent scroll repeat 0% 0%;margin: 0px;border: #cccccc 1px solid;padding: 10px 14px 10px 14px\">\n<p style=\"font-size: 0.9em;vertical-align: baseline;background: none transparent scroll repeat 0% 0%;margin: 0px 0px 20px;line-height: 13px;border: 0px;padding: 0px\" align=\"center\"><span style=\"vertical-align: baseline;background: none transparent scroll repeat 0% 0%;font-weight: bold;margin: 0px;border: 0px;padding: 0px\">JUNHO<\/span><\/p>\n<p style=\"font-size: 0.9em;vertical-align: baseline;background: none transparent scroll repeat 0% 0%;margin: 3px 0px 0px;line-height: 13px;border: 0px;padding: 0px\">30\/06\/2016<\/p>\n<\/td>\n<td style=\"height: 47px;width: 151px;vertical-align: middle;background: none transparent scroll repeat 0% 0%;margin: 0px;border: #cccccc 1px solid;padding: 10px 14px 10px 14px\">\n<p style=\"font-size: 0.9em;vertical-align: baseline;background: none transparent scroll repeat 0% 0%;margin: 0px 0px 20px;line-height: 13px;border: 0px;padding: 0px\" align=\"center\"><span style=\"vertical-align: baseline;background: none transparent scroll repeat 0% 0%;font-weight: bold;margin: 0px;border: 0px;padding: 0px\">PARCELA 1 &#8211; 13\u00ba<\/span><\/p>\n<p style=\"font-size: 0.9em;vertical-align: baseline;background: none transparent scroll repeat 0% 0%;margin: 3px 0px 0px;line-height: 13px;border: 0px;padding: 0px\" align=\"center\">15\/07\/2016<\/p>\n<\/td>\n<td style=\"height: 47px;width: 151px;vertical-align: middle;background: none transparent scroll repeat 0% 0%;margin: 0px;border: #cccccc 1px solid;padding: 10px 14px 10px 14px\">\n<p style=\"font-size: 0.9em;vertical-align: baseline;background: none transparent scroll repeat 0% 0%;margin: 0px 0px 20px;line-height: 13px;border: 0px;padding: 0px\" align=\"center\"><span style=\"vertical-align: baseline;background: none transparent scroll repeat 0% 0%;font-weight: bold;margin: 0px;border: 0px;padding: 0px\">JULHO<\/span><\/p>\n<p style=\"font-size: 0.9em;vertical-align: baseline;background: none transparent scroll repeat 0% 0%;margin: 3px 0px 0px;line-height: 13px;border: 0px;padding: 0px\" align=\"center\">29\/07\/2016<\/p>\n<\/td>\n<td style=\"height: 47px;width: 142px;vertical-align: middle;background: none transparent scroll repeat 0% 0%;margin: 0px;border: #cccccc 1px solid;padding: 10px 14px 10px 14px\">\n<p style=\"font-size: 0.9em;vertical-align: baseline;background: none transparent scroll repeat 0% 0%;margin: 0px;line-height: 13px;border: 0px;padding: 0px\" align=\"center\"><span style=\"vertical-align: baseline;background: none transparent scroll repeat 0% 0%;font-weight: bold;margin: 0px;border: 0px;padding: 0px\">TOTAL<\/span><\/p>\n<\/td>\n<\/tr>\n<tr style=\"border-left-width: 0px;border-right-width: 0px;vertical-align: baseline;background: none transparent scroll repeat 0% 0%;border-bottom: #cccccc 1px solid;margin: 0px;border-top-width: 0px;padding: 0px\">\n<td style=\"height: 16px;width: 123px;vertical-align: middle;background: none transparent scroll repeat 0% 0%;margin: 0px;border: #cccccc 1px solid;padding: 10px 14px 10px 14px\">\n<p style=\"font-size: 0.9em;vertical-align: baseline;background: none transparent scroll repeat 0% 0%;margin: 0px;line-height: 13px;border: 0px;padding: 0px\" align=\"center\"><span style=\"vertical-align: baseline;background: none transparent scroll repeat 0% 0%;font-weight: bold;margin: 0px;border: 0px;padding: 0px\">R$ 969,9 milh\u00f5es<\/span><\/p>\n<\/td>\n<td style=\"height: 16px;width: 151px;vertical-align: middle;background: none transparent scroll repeat 0% 0%;margin: 0px;border: #cccccc 1px solid;padding: 10px 14px 10px 14px\">\n<p style=\"font-size: 0.9em;vertical-align: baseline;background: none transparent scroll repeat 0% 0%;margin: 0px;line-height: 13px;border: 0px;padding: 0px\"><span style=\"vertical-align: baseline;background: none transparent scroll repeat 0% 0%;font-weight: bold;margin: 0px;border: 0px;padding: 0px\">R$ 387,7 milh\u00f5es<\/span><\/p>\n<\/td>\n<td style=\"height: 16px;width: 151px;vertical-align: middle;background: none transparent scroll repeat 0% 0%;margin: 0px;border: #cccccc 1px solid;padding: 10px 14px 10px 14px\">\n<p style=\"font-size: 0.9em;vertical-align: baseline;background: none transparent scroll repeat 0% 0%;margin: 0px;line-height: 13px;border: 0px;padding: 0px\"><span style=\"vertical-align: baseline;background: none transparent scroll repeat 0% 0%;font-weight: bold;margin: 0px;border: 0px;padding: 0px\">R$ 971,0 milh\u00f5es<\/span><\/p>\n<\/td>\n<td style=\"height: 16px;width: 142px;vertical-align: middle;background: none transparent scroll repeat 0% 0%;margin: 0px;border: #cccccc 1px solid;padding: 10px 14px 10px 14px\">\n<p style=\"font-size: 0.9em;vertical-align: baseline;background: none transparent scroll repeat 0% 0%;margin: 0px;line-height: 13px;border: 0px;padding: 0px\" align=\"center\"><span style=\"vertical-align: baseline;background: none transparent scroll repeat 0% 0%;font-weight: bold;margin: 0px;border: 0px;padding: 0px\">R$ 2,3 bilh\u00f5es<\/span><\/p>\n<\/td>\n<\/tr>\n<\/tbody>\n<\/table>\n<p style=\"font-size: 0.9em;font-family: Titillium, sans-serif;line-height: 17px\">\n<p>&nbsp;<\/p>\n<table border=\"0\" cellspacing=\"0\" cellpadding=\"0\">\n<tbody>\n<tr>\n<td style=\"font-size: 9px;border-top: #ddd 1px solid;font-family: 'Trebuchet MS';padding-top: 5px\" align=\"right\" valign=\"top\" width=\"281\">Centro Administrativo do Governo | Rod. SC401, km 5, n\u00ba 4600<\/td>\n<td width=\"38\"><a title=\"blocked::http:\/\/sc.gov.br\/index.php?subid=591&amp;option=com_acymailing&amp;no_html=1&amp;ctrl=url&amp;urlid=89&amp;mailid=16601\" href=\"http:\/\/sc.gov.br\/index.php?subid=591&amp;option=com_acymailing&amp;no_html=1&amp;ctrl=url&amp;urlid=89&amp;mailid=16601\" target=\"_blank\"><img title=\"blocked::http:\/\/sc.gov.br\/index.php?subid=591&amp;option=com_acymailing&amp;no_html=1&amp;ctrl=url&amp;urlid=89&amp;mailid=16601\" alt=\"Clique aqui com o bot\u00e3o direito do mouse para baixar imagens. Para ajudar a proteger sua privacidade, o Outlook impediu o download autom\u00e1tico desta imagem da Internet.\n\" width=\"38\" height=\"38\" border=\"0\" \/><\/a><\/td>\n<td style=\"font-size: 9px;border-top: #ddd 1px solid;font-family: 'Trebuchet MS';padding-top: 5px\" align=\"left\" valign=\"top\" width=\"281\">\u00a0Florian\u00f3polis | CEP:88032-900 | Telefone: (48)\u00a03665-3022<\/td>\n<\/tr>\n<\/tbody>\n<\/table>\n<p>&nbsp;<\/p>\n<p>&nbsp;<\/p>\n<table style=\"font-size: 12px;font-family: IstokWebRegular, Arial, FreeSans, sans-serif;width: 578px;vertical-align: baseline;border-collapse: collapse;color: #2e2e2e;margin: 0px;border-spacing: 0px;letter-spacing: 0px;line-height: 18px;border: 0px;padding: 0px\" border=\"0\" cellspacing=\"0\" cellpadding=\"0\">\n<tbody style=\"vertical-align: baseline;background: none transparent scroll repeat 0% 0%;margin: 0px;border: 0px;padding: 0px\">\n<tr style=\"border-left-width: 0px;border-right-width: 0px;vertical-align: baseline;background: none transparent scroll repeat 0% 0%;border-bottom: #cccccc 1px solid;margin: 0px;border-top-width: 0px;padding: 0px\">\n<td style=\"height: 47px;width: 123px;vertical-align: middle;background: none transparent scroll repeat 0% 0%;margin: 0px;border: #cccccc 1px solid;padding: 10px 14px 10px 14px\"><\/td>\n<td style=\"height: 47px;width: 151px;vertical-align: middle;background: none transparent scroll repeat 0% 0%;margin: 0px;border: #cccccc 1px solid;padding: 10px 14px 10px 14px\"><\/td>\n<td style=\"height: 47px;width: 151px;vertical-align: middle;background: none transparent scroll repeat 0% 0%;margin: 0px;border: #cccccc 1px solid;padding: 10px 14px 10px 14px\"><\/td>\n<td style=\"height: 47px;width: 142px;vertical-align: middle;background: none transparent scroll repeat 0% 0%;margin: 0px;border: #cccccc 1px solid;padding: 10px 14px 10px 14px\"><\/td>\n<\/tr>\n<tr style=\"border-left-width: 0px;border-right-width: 0px;vertical-align: baseline;background: none transparent scroll repeat 0% 0%;border-bottom: #cccccc 1px solid;margin: 0px;border-top-width: 0px;padding: 0px\">\n<td style=\"height: 16px;width: 123px;vertical-align: middle;background: none transparent scroll repeat 0% 0%;margin: 0px;border: #cccccc 1px solid;padding: 10px 14px 10px 14px\"><\/td>\n<td style=\"height: 16px;width: 151px;vertical-align: middle;background: none transparent scroll repeat 0% 0%;margin: 0px;border: #cccccc 1px solid;padding: 10px 14px 10px 14px\"><\/td>\n<td style=\"height: 16px;width: 151px;vertical-align: middle;background: none transparent scroll repeat 0% 0%;margin: 0px;border: #cccccc 1px solid;padding: 10px 14px 10px 14px\"><\/td>\n<\/tr>\n<\/tbody>\n<\/table>\n","protected":false},"excerpt":{"rendered":"<p>Os servidores p\u00fablicos estaduais recebem, nesta sexta-feira, 15, a metade do 13\u00ba sal\u00e1rio. Somando o valor aos pagamentos de junho e julho, entraram R$ 2,3 bilh\u00f5es na economia catarinense num intervalo de 30 dias, informou o governo do Estado. Este \u00e9 o 10\u00ba ano consecutivo que o Estado antecipa o pagamento do 13\u00ba. A medida foi anunciada pelo governador Raimundo [&hellip;]<\/p>\n","protected":false},"author":27,"featured_media":0,"comment_status":"open","ping_status":"closed","sticky":false,"template":"","format":"standard","meta":{"footnotes":""},"categories":[2719],"tags":[2414,98,2522,2443,1951,58],"class_list":["post-2284","post","type-post","status-publish","format-standard","hentry","category-servidor","tag-13o-salario","tag-governo","tag-metade","tag-paga","tag-sc","tag-servidores"],"_links":{"self":[{"href":"https:\/\/blogs.correiobraziliense.com.br\/servidor\/wp-json\/wp\/v2\/posts\/2284","targetHints":{"allow":["GET"]}}],"collection":[{"href":"https:\/\/blogs.correiobraziliense.com.br\/servidor\/wp-json\/wp\/v2\/posts"}],"about":[{"href":"https:\/\/blogs.correiobraziliense.com.br\/servidor\/wp-json\/wp\/v2\/types\/post"}],"author":[{"embeddable":true,"href":"https:\/\/blogs.correiobraziliense.com.br\/servidor\/wp-json\/wp\/v2\/users\/27"}],"replies":[{"embeddable":true,"href":"https:\/\/blogs.correiobraziliense.com.br\/servidor\/wp-json\/wp\/v2\/comments?post=2284"}],"version-history":[{"count":1,"href":"https:\/\/blogs.correiobraziliense.com.br\/servidor\/wp-json\/wp\/v2\/posts\/2284\/revisions"}],"predecessor-version":[{"id":2285,"href":"https:\/\/blogs.correiobraziliense.com.br\/servidor\/wp-json\/wp\/v2\/posts\/2284\/revisions\/2285"}],"wp:attachment":[{"href":"https:\/\/blogs.correiobraziliense.com.br\/servidor\/wp-json\/wp\/v2\/media?parent=2284"}],"wp:term":[{"taxonomy":"category","embeddable":true,"href":"https:\/\/blogs.correiobraziliense.com.br\/servidor\/wp-json\/wp\/v2\/categories?post=2284"},{"taxonomy":"post_tag","embeddable":true,"href":"https:\/\/blogs.correiobraziliense.com.br\/servidor\/wp-json\/wp\/v2\/tags?post=2284"}],"curies":[{"name":"wp","href":"https:\/\/api.w.org\/{rel}","templated":true}]}}