{"id":2272,"date":"2016-07-15T11:37:57","date_gmt":"2016-07-15T14:37:57","guid":{"rendered":"https:\/\/blogs.correiobraziliense.com.br\/servidor\/?p=2272"},"modified":"2016-07-15T11:37:57","modified_gmt":"2016-07-15T14:37:57","slug":"auditores-prejudicam-aeroportos","status":"publish","type":"post","link":"https:\/\/blogs.correiobraziliense.com.br\/servidor\/auditores-prejudicam-aeroportos\/","title":{"rendered":"Auditores prejudicam aeroportos"},"content":{"rendered":"<p><em><span style=\"font-family: Utopia,sans-serif\"><span style=\"font-size: small\">Opera\u00e7\u00e3o-padr\u00e3o se servidores da Receita atrasa libera\u00e7\u00e3o de bagagens nos principais terminais do pa\u00eds. Categoria protesta contra o n\u00e3o envio do projeto de reajuste ao Congresso. Manifesta\u00e7\u00e3o ocorrer\u00e1 duas vezes por semana at\u00e9 que governo cumpra o acordo<\/span><\/span><\/em><\/p>\n<p><span style=\"font-family: Utopia,sans-serif\"><span style=\"font-size: small\">O primeiro dia de paralisa\u00e7\u00e3o dos auditores fiscais da Receita Federal parou portos, aeroportos e fronteiras em todo o pa\u00eds. Causou impacto na libera\u00e7\u00e3o de cargas e bagagens. Quem chegou de viagem se surpreendeu com a demora. A categoria fez opera\u00e7\u00e3o-padr\u00e3o \u2014 fiscaliza\u00e7\u00e3o lenta e detalhada. Diante do sil\u00eancio do governo, a complicada situa\u00e7\u00e3o de ontem para passageiros e turistas pode piorar \u00e0s v\u00e9speras das Olimp\u00edadas. A inten\u00e7\u00e3o, segundo o Sindicato Nacional (Sindifisco), \u00e9 repetir a dose dois dias por semana, \u00e0s ter\u00e7as e quintas-feiras. Nos demais, haver\u00e1 a opera\u00e7\u00e3o meta zero, ou seja, o represamento de cr\u00e9ditos resultantes das fiscaliza\u00e7\u00f5es. Na reparti\u00e7\u00f5es p\u00fablicas, n\u00e3o haver\u00e1 an\u00e1lise de processos e a\u00e7\u00f5es externas.<\/span><\/span><\/p>\n<p><span style=\"font-family: Utopia,sans-serif\"><span style=\"font-size: small\">Ontem, no Aeroporto Internacional Juscelino Kubitschek, em Bras\u00edlia, a espera foi de cerca de tr\u00eas horas. Normalmente, no desembarque a verifica\u00e7\u00e3o de bagagens \u00e9 por amostragem. Por\u00e9m, com a opera\u00e7\u00e3o pente-fino, todos os passageiros tiveram as malas revistadas. A auditora Maria Carmem Fantini disse que cada voo internacional tem em m\u00e9dia mil malas e os avi\u00f5es vindos dos Estados Unidos recebem aten\u00e7\u00e3o maior. No in\u00edcio da manh\u00e3, ela contou que havia um voo \u2014 vindo de Miami \u2014 e um de Buenos Aires com cerca de 250 pessoas aguardando as bagagens, em Bras\u00edlia. <\/span><\/span><\/p>\n<p>\u201c<span style=\"font-family: Utopia,sans-serif\"><span style=\"font-size: small\">As bagagens foram inspecionadas antes mesmo de chegar aos passageiros. Est\u00e3o sendo verificadas de maneira criteriosa uma a uma\u201d, disse. No Aeroporto Internacional de Viracopos, em Campinas, a espera no desembarque chegou a duas horas, quando normalmente n\u00e3o chegaria a uma. O mesmo ocorreu no Rio de Janeiro, em S\u00e3o Paulo, em Santos, em Foz do Igua\u00e7u, entre outros. <\/span><\/span><\/p>\n<p><span style=\"font-family: Utopia,sans-serif\"><span style=\"font-size: small\">Os auditores reduziram o plant\u00e3o fiscal para pessoa jur\u00eddica e atenderam apenas as demandas judiciais, as dispensas de cargas urgentes, de rem\u00e9dios e de perec\u00edveis. O caos foi mais evidente porque, h\u00e1 dias, a classe faz tamb\u00e9m um <strong>movimento orquestrado de entrega de cargos de chefia. Os respons\u00e1veis por fiscaliza\u00e7\u00e3o, aduana, tributa\u00e7\u00e3o, arrecada\u00e7\u00e3o, das equipes de cobran\u00e7a, assim como os supervisores formalizaram dispensa das fun\u00e7\u00f5es. <\/strong><\/span><\/span><\/p>\n<p><strong>Estopim<\/strong><\/p>\n<p><span style=\"font-family: Utopia,sans-serif\"><span style=\"font-size: small\">Desde a posse do presidente interino Michel Temer, representantes do Sindifisco Nacional aguardam o envio do projeto de reajuste acordado na gest\u00e3o Dilma Rousseff. O estopim do movimento, no entanto, foi a afirma\u00e7\u00e3o do ministro do Planejamento, Dyogo Oliveira, de que ainda n\u00e3o havia data prevista para o texto ser enviado ao Congresso. Segundo o titular da pasta, havia questionamento sobre o pagamento do b\u00f4nus de efici\u00eancia a aposentados.<\/span><\/span><\/p>\n<p><span style=\"font-family: Utopia,sans-serif\"><span style=\"font-size: small\">Como a proposta de aumento n\u00e3o chegou a Congresso, os servidores da Receita n\u00e3o receber\u00e3o a parcela do reajuste acordada nem o extra de R$ 3 mil, que seria pago de agosto a dezembro. Pela negocia\u00e7\u00e3o com o governo afastado, os sal\u00e1rios da categoria passariam de R$ 15,7 mil a R$ 22,5 mil, atualmente, para R$ 22 mil a R$ 30 mil, em 2019.<\/span><\/span><\/p>\n<p><span style=\"font-family: Utopia,sans-serif\"><span style=\"font-size: small\">Apesar dos transtornos, causado a passageiros e empresas, o governo n\u00e3o se manifestou. At\u00e9 o fechamento desta edi\u00e7\u00e3o, o Minist\u00e9rio do Planejamento retornou o contato. O ministro da Fazenda, Henrique Meirelles, n\u00e3o recebeu a categoria. O \u00fanico falou foi o ministro dos Transportes, Portos e Avia\u00e7\u00e3o Civil, Maur\u00edcio Quintella. Ele disse que a opera\u00e7\u00e3o-padr\u00e3o dos servidores da Receita preocupa o governo, mas afirmou que as pend\u00eancia est\u00e3o sendo resolvidas pelo Planejamento. \u201cO que a gente espera \u00e9 que seja tudo resolvido o mais r\u00e1pido poss\u00edvel para que n\u00e3o haja impacto nas Olimp\u00edadas\u201d, afirmou. (<b>Colaborou Simone Kafruni<\/b>).<\/span><\/span><\/p>\n","protected":false},"excerpt":{"rendered":"<p>Opera\u00e7\u00e3o-padr\u00e3o se servidores da Receita atrasa libera\u00e7\u00e3o de bagagens nos principais terminais do pa\u00eds. Categoria protesta contra o n\u00e3o envio do projeto de reajuste ao Congresso. Manifesta\u00e7\u00e3o ocorrer\u00e1 duas vezes por semana at\u00e9 que governo cumpra o acordo O primeiro dia de paralisa\u00e7\u00e3o dos auditores fiscais da Receita Federal parou portos, aeroportos e fronteiras em todo o pa\u00eds. Causou impacto [&hellip;]<\/p>\n","protected":false},"author":27,"featured_media":0,"comment_status":"open","ping_status":"closed","sticky":false,"template":"","format":"standard","meta":{"footnotes":""},"categories":[2719],"tags":[603,31,100,2767,98,2765,2766,2824,63,294],"class_list":["post-2272","post","type-post","status-publish","format-standard","hentry","category-servidor","tag-aeroportos","tag-auditores","tag-congresso","tag-fronteiras","tag-governo","tag-operacao-padrao","tag-portos","tag-prejudicam","tag-reajuste","tag-receita-federal"],"_links":{"self":[{"href":"https:\/\/blogs.correiobraziliense.com.br\/servidor\/wp-json\/wp\/v2\/posts\/2272","targetHints":{"allow":["GET"]}}],"collection":[{"href":"https:\/\/blogs.correiobraziliense.com.br\/servidor\/wp-json\/wp\/v2\/posts"}],"about":[{"href":"https:\/\/blogs.correiobraziliense.com.br\/servidor\/wp-json\/wp\/v2\/types\/post"}],"author":[{"embeddable":true,"href":"https:\/\/blogs.correiobraziliense.com.br\/servidor\/wp-json\/wp\/v2\/users\/27"}],"replies":[{"embeddable":true,"href":"https:\/\/blogs.correiobraziliense.com.br\/servidor\/wp-json\/wp\/v2\/comments?post=2272"}],"version-history":[{"count":1,"href":"https:\/\/blogs.correiobraziliense.com.br\/servidor\/wp-json\/wp\/v2\/posts\/2272\/revisions"}],"predecessor-version":[{"id":2273,"href":"https:\/\/blogs.correiobraziliense.com.br\/servidor\/wp-json\/wp\/v2\/posts\/2272\/revisions\/2273"}],"wp:attachment":[{"href":"https:\/\/blogs.correiobraziliense.com.br\/servidor\/wp-json\/wp\/v2\/media?parent=2272"}],"wp:term":[{"taxonomy":"category","embeddable":true,"href":"https:\/\/blogs.correiobraziliense.com.br\/servidor\/wp-json\/wp\/v2\/categories?post=2272"},{"taxonomy":"post_tag","embeddable":true,"href":"https:\/\/blogs.correiobraziliense.com.br\/servidor\/wp-json\/wp\/v2\/tags?post=2272"}],"curies":[{"name":"wp","href":"https:\/\/api.w.org\/{rel}","templated":true}]}}