{"id":2265,"date":"2016-07-13T14:54:22","date_gmt":"2016-07-13T17:54:22","guid":{"rendered":"https:\/\/blogs.correiobraziliense.com.br\/servidor\/?p=2265"},"modified":"2016-07-13T14:54:22","modified_gmt":"2016-07-13T17:54:22","slug":"adiada-votacao-do-reajuste-dos-ministros-do-stf","status":"publish","type":"post","link":"https:\/\/blogs.correiobraziliense.com.br\/servidor\/adiada-votacao-do-reajuste-dos-ministros-do-stf\/","title":{"rendered":"Adiada vota\u00e7\u00e3o do reajuste dos ministros do STF"},"content":{"rendered":"<p>Por sugest\u00e3o do l\u00edder do governo no Senado, Aloysio Nunes Ferreira, a CCJ decidiu adiar para agosto as vota\u00e7\u00f5es dos reajustes para ministros do STF e do vencimento do Procurador-Geral da Rep\u00fablica e a PEC de taxa\u00e7\u00e3o de heran\u00e7as.<\/p>\n","protected":false},"excerpt":{"rendered":"<p>Por sugest\u00e3o do l\u00edder do governo no Senado, Aloysio Nunes Ferreira, a CCJ decidiu adiar para agosto as vota\u00e7\u00f5es dos reajustes para ministros do STF e do vencimento do Procurador-Geral da Rep\u00fablica e a PEC de taxa\u00e7\u00e3o de heran\u00e7as.<\/p>\n","protected":false},"author":27,"featured_media":0,"comment_status":"open","ping_status":"closed","sticky":false,"template":"","format":"standard","meta":{"footnotes":""},"categories":[2719],"tags":[2823,33,63,34,1498],"class_list":["post-2265","post","type-post","status-publish","format-standard","hentry","category-servidor","tag-adiada","tag-ministros","tag-reajuste","tag-stf","tag-votacao"],"_links":{"self":[{"href":"https:\/\/blogs.correiobraziliense.com.br\/servidor\/wp-json\/wp\/v2\/posts\/2265","targetHints":{"allow":["GET"]}}],"collection":[{"href":"https:\/\/blogs.correiobraziliense.com.br\/servidor\/wp-json\/wp\/v2\/posts"}],"about":[{"href":"https:\/\/blogs.correiobraziliense.com.br\/servidor\/wp-json\/wp\/v2\/types\/post"}],"author":[{"embeddable":true,"href":"https:\/\/blogs.correiobraziliense.com.br\/servidor\/wp-json\/wp\/v2\/users\/27"}],"replies":[{"embeddable":true,"href":"https:\/\/blogs.correiobraziliense.com.br\/servidor\/wp-json\/wp\/v2\/comments?post=2265"}],"version-history":[{"count":1,"href":"https:\/\/blogs.correiobraziliense.com.br\/servidor\/wp-json\/wp\/v2\/posts\/2265\/revisions"}],"predecessor-version":[{"id":2266,"href":"https:\/\/blogs.correiobraziliense.com.br\/servidor\/wp-json\/wp\/v2\/posts\/2265\/revisions\/2266"}],"wp:attachment":[{"href":"https:\/\/blogs.correiobraziliense.com.br\/servidor\/wp-json\/wp\/v2\/media?parent=2265"}],"wp:term":[{"taxonomy":"category","embeddable":true,"href":"https:\/\/blogs.correiobraziliense.com.br\/servidor\/wp-json\/wp\/v2\/categories?post=2265"},{"taxonomy":"post_tag","embeddable":true,"href":"https:\/\/blogs.correiobraziliense.com.br\/servidor\/wp-json\/wp\/v2\/tags?post=2265"}],"curies":[{"name":"wp","href":"https:\/\/api.w.org\/{rel}","templated":true}]}}