{"id":2253,"date":"2016-07-13T12:09:26","date_gmt":"2016-07-13T15:09:26","guid":{"rendered":"https:\/\/blogs.correiobraziliense.com.br\/servidor\/?p=2253"},"modified":"2016-07-13T12:09:26","modified_gmt":"2016-07-13T15:09:26","slug":"idec-defende-veto-ao-uso-do-fgts-nas-operacoes-de-credito-consignado","status":"publish","type":"post","link":"https:\/\/blogs.correiobraziliense.com.br\/servidor\/idec-defende-veto-ao-uso-do-fgts-nas-operacoes-de-credito-consignado\/","title":{"rendered":"Idec defende veto ao uso do FGTS nas opera\u00e7\u00f5es de cr\u00e9dito consignado"},"content":{"rendered":"<p><em>Em of\u00edcios encaminhados \u00e0 presid\u00eancia do Senado e a C\u00e2mara dos Deputados, Instituto pede aten\u00e7\u00e3o m\u00e1xima \u00e0 Medida Provis\u00f3ria 719\/2016 que prev\u00ea\u00a0utiliza\u00e7\u00e3o do Fundo de Garantia para\u00a0concess\u00e3o do empr\u00e9stimo<\/em><\/p>\n<div>Nesta semana, o\u00a0Instituto Brasileiro de Defesa do Consumidor (Idec) encaminhou of\u00edcios\u00a0\u00e0 presid\u00eancia do Senado e a C\u00e2mara dos Deputados\u00a0para solicitar aten\u00e7\u00e3o m\u00e1xima a Medida Provis\u00f3ria n\u00ba 719\/2016. A MP, atualmente em an\u00e1lise no Congresso, autoriza que os trabalhadores do setor privado contratem o cr\u00e9dito consignado utilizando, como\u00a0garantia, at\u00e9 10% do saldo do FGTS.<\/div>\n<div><\/div>\n<div>Para o Instituto, o consumo dos recursos deste fundo n\u00e3o apresenta uma solu\u00e7\u00e3o adequada ao endividado. \u201cEmbora pare\u00e7a que o consumidor desfrutaria de algum benef\u00edcio imediato, o principal favorecido \u00e9 o sistema financeiro, que passa a ter acesso aos valores em condi\u00e7\u00f5es que o trabalhador n\u00e3o disp\u00f5e\u201d, explica a economista do Idec, Ione Amorim.<\/div>\n<div><\/div>\n<div>Com a aprova\u00e7\u00e3o da medida, o fluxo financeiro do cr\u00e9dito consignado privado poder\u00e1 atingir patamares equivalentes \u00e0s demais opera\u00e7\u00f5es de consigna\u00e7\u00e3o. O consumidor, portanto, continuar\u00e1 exposto aos mesmos riscos e ainda mais endividado.<\/div>\n<div><\/div>\n<div>Conforme ressalta Amorim, \u201coutro agravante \u00e9 que, provavelmente, o trabalhador utilizar\u00e1 o valor para quitar d\u00edvidas contra\u00eddas com taxas de juros elevadas como \u00e9 o caso dos cart\u00f5es de cr\u00e9dito, tamb\u00e9m impostas pelas institui\u00e7\u00f5es financeiras. Ou seja, nesse caso hipot\u00e9tico, os bancos ganham nas duas pontas\u201d.<\/div>\n<div><\/div>\n<div>Al\u00e9m disso, em raz\u00e3o dos descontos das parcelas serem feitos diretamente na folha de pagamento, a modalidade de cr\u00e9dito n\u00e3o revela dados de inadimpl\u00eancia, mas \u00a0contribui para o atraso de outros d\u00edvidas.<\/div>\n<div><\/div>\n<div>O Idec refor\u00e7a nos of\u00edcios\u00a0que, ao permitir o uso do FGTS como garantia de empr\u00e9stimo, acentua-se a vulnerabilidade do trabalhador diante do desemprego e do endividamento. Pelos motivos expostos, solicita m\u00e1xima urg\u00eancia nos artigos que tratam do assunto\u00a0e pede que sejam vetados tais dispositivos pelo Congresso.<\/div>\n<div><\/div>\n","protected":false},"excerpt":{"rendered":"<p>Em of\u00edcios encaminhados \u00e0 presid\u00eancia do Senado e a C\u00e2mara dos Deputados, Instituto pede aten\u00e7\u00e3o m\u00e1xima \u00e0 Medida Provis\u00f3ria 719\/2016 que prev\u00ea\u00a0utiliza\u00e7\u00e3o do Fundo de Garantia para\u00a0concess\u00e3o do empr\u00e9stimo Nesta semana, o\u00a0Instituto Brasileiro de Defesa do Consumidor (Idec) encaminhou of\u00edcios\u00a0\u00e0 presid\u00eancia do Senado e a C\u00e2mara dos Deputados\u00a0para solicitar aten\u00e7\u00e3o m\u00e1xima a Medida Provis\u00f3ria n\u00ba 719\/2016. A MP, atualmente em [&hellip;]<\/p>\n","protected":false},"author":27,"featured_media":0,"comment_status":"open","ping_status":"closed","sticky":false,"template":"","format":"standard","meta":{"footnotes":""},"categories":[2719],"tags":[61,1768,2802,1767,1396,685,450,1009,1416,2801,686,696,2787],"class_list":["post-2253","post","type-post","status-publish","format-standard","hentry","category-servidor","tag-camara","tag-consignado","tag-consumo","tag-credito","tag-defende","tag-fgts","tag-financeiras","tag-idec","tag-instituicoes","tag-mp-7192016","tag-operacoes","tag-senado","tag-veto"],"_links":{"self":[{"href":"https:\/\/blogs.correiobraziliense.com.br\/servidor\/wp-json\/wp\/v2\/posts\/2253","targetHints":{"allow":["GET"]}}],"collection":[{"href":"https:\/\/blogs.correiobraziliense.com.br\/servidor\/wp-json\/wp\/v2\/posts"}],"about":[{"href":"https:\/\/blogs.correiobraziliense.com.br\/servidor\/wp-json\/wp\/v2\/types\/post"}],"author":[{"embeddable":true,"href":"https:\/\/blogs.correiobraziliense.com.br\/servidor\/wp-json\/wp\/v2\/users\/27"}],"replies":[{"embeddable":true,"href":"https:\/\/blogs.correiobraziliense.com.br\/servidor\/wp-json\/wp\/v2\/comments?post=2253"}],"version-history":[{"count":1,"href":"https:\/\/blogs.correiobraziliense.com.br\/servidor\/wp-json\/wp\/v2\/posts\/2253\/revisions"}],"predecessor-version":[{"id":2254,"href":"https:\/\/blogs.correiobraziliense.com.br\/servidor\/wp-json\/wp\/v2\/posts\/2253\/revisions\/2254"}],"wp:attachment":[{"href":"https:\/\/blogs.correiobraziliense.com.br\/servidor\/wp-json\/wp\/v2\/media?parent=2253"}],"wp:term":[{"taxonomy":"category","embeddable":true,"href":"https:\/\/blogs.correiobraziliense.com.br\/servidor\/wp-json\/wp\/v2\/categories?post=2253"},{"taxonomy":"post_tag","embeddable":true,"href":"https:\/\/blogs.correiobraziliense.com.br\/servidor\/wp-json\/wp\/v2\/tags?post=2253"}],"curies":[{"name":"wp","href":"https:\/\/api.w.org\/{rel}","templated":true}]}}