{"id":2244,"date":"2016-07-12T15:26:15","date_gmt":"2016-07-12T18:26:15","guid":{"rendered":"https:\/\/blogs.correiobraziliense.com.br\/servidor\/?p=2244"},"modified":"2016-07-12T15:26:15","modified_gmt":"2016-07-12T18:26:15","slug":"emenda-que-inclui-tst-entre-orgaos-do-judiciario-sera-promulgada-em-sessao-solene","status":"publish","type":"post","link":"https:\/\/blogs.correiobraziliense.com.br\/servidor\/emenda-que-inclui-tst-entre-orgaos-do-judiciario-sera-promulgada-em-sessao-solene\/","title":{"rendered":"Emenda que inclui TST entre \u00f3rg\u00e3os do Judici\u00e1rio ser\u00e1 promulgada em sess\u00e3o solene"},"content":{"rendered":"<p>O presidente do Tribunal Superior do Trabalho (TST) e do Conselho Superior da Justi\u00e7a do Trabalho (CSJT), ministro Ives Gandra Martins Filho, participa hoje (12), de sess\u00e3o solene no Congresso Nacional que promulgar\u00e1 a Emenda Constitucional 92\/2016. O dispositivo altera o artigo 92 e 111-A da Constitui\u00e7\u00e3o Federal e passa a explicitar o TST como \u00f3rg\u00e3o do Poder Judici\u00e1rio.<\/p>\n<p>De acordo com Ives Gandra, a proposta \u00e9 de fundamental import\u00e2ncia ao reconhecer a reclama\u00e7\u00e3o, instrumento para a preserva\u00e7\u00e3o da compet\u00eancia e da jurisprud\u00eancia do TST. Ele lembrou que tanto o Supremo Tribunal Federal quanto o Superior Tribunal de Justi\u00e7a j\u00e1 possuem esse instrumento, necess\u00e1rio ao cidad\u00e3o por democratizar o acesso \u00e0s decis\u00f5es dos tribunais superiores.<\/p>\n<p>A emenda estabelece ainda que o TST pode fazer valer a sua jurisprud\u00eancia caso outras inst\u00e2ncias decidam de forma diferente da sua. Estende tamb\u00e9m os requisitos de not\u00e1vel saber jur\u00eddico e reputa\u00e7\u00e3o ilibada \u2014 hoje exigidos dos indicados a ministro do Superior Tribunal de Justi\u00e7a (STJ) \u2014 entre as condi\u00e7\u00f5es de nomea\u00e7\u00e3o para o cargo de ministro do TST.<br \/>\nA altera\u00e7\u00e3o tem como origem a Proposta de Emenda \u00e0 Constitui\u00e7\u00e3o (PEC) 32\/10, aprovada pelo Senado em mar\u00e7o de 2015 e pela C\u00e2mara em mar\u00e7o deste ano.<\/p>\n","protected":false},"excerpt":{"rendered":"<p>O presidente do Tribunal Superior do Trabalho (TST) e do Conselho Superior da Justi\u00e7a do Trabalho (CSJT), ministro Ives Gandra Martins Filho, participa hoje (12), de sess\u00e3o solene no Congresso Nacional que promulgar\u00e1 a Emenda Constitucional 92\/2016. O dispositivo altera o artigo 92 e 111-A da Constitui\u00e7\u00e3o Federal e passa a explicitar o TST como \u00f3rg\u00e3o do Poder Judici\u00e1rio. De [&hellip;]<\/p>\n","protected":false},"author":27,"featured_media":0,"comment_status":"open","ping_status":"closed","sticky":false,"template":"","format":"standard","meta":{"footnotes":""},"categories":[2719],"tags":[100,2584,2450,64,1890,2793,2227,2794,503],"class_list":["post-2244","post","type-post","status-publish","format-standard","hentry","category-servidor","tag-congresso","tag-constituicao","tag-emenda","tag-judiciario","tag-orgaos","tag-promulgada","tag-sessao","tag-solene","tag-tst"],"_links":{"self":[{"href":"https:\/\/blogs.correiobraziliense.com.br\/servidor\/wp-json\/wp\/v2\/posts\/2244","targetHints":{"allow":["GET"]}}],"collection":[{"href":"https:\/\/blogs.correiobraziliense.com.br\/servidor\/wp-json\/wp\/v2\/posts"}],"about":[{"href":"https:\/\/blogs.correiobraziliense.com.br\/servidor\/wp-json\/wp\/v2\/types\/post"}],"author":[{"embeddable":true,"href":"https:\/\/blogs.correiobraziliense.com.br\/servidor\/wp-json\/wp\/v2\/users\/27"}],"replies":[{"embeddable":true,"href":"https:\/\/blogs.correiobraziliense.com.br\/servidor\/wp-json\/wp\/v2\/comments?post=2244"}],"version-history":[{"count":1,"href":"https:\/\/blogs.correiobraziliense.com.br\/servidor\/wp-json\/wp\/v2\/posts\/2244\/revisions"}],"predecessor-version":[{"id":2245,"href":"https:\/\/blogs.correiobraziliense.com.br\/servidor\/wp-json\/wp\/v2\/posts\/2244\/revisions\/2245"}],"wp:attachment":[{"href":"https:\/\/blogs.correiobraziliense.com.br\/servidor\/wp-json\/wp\/v2\/media?parent=2244"}],"wp:term":[{"taxonomy":"category","embeddable":true,"href":"https:\/\/blogs.correiobraziliense.com.br\/servidor\/wp-json\/wp\/v2\/categories?post=2244"},{"taxonomy":"post_tag","embeddable":true,"href":"https:\/\/blogs.correiobraziliense.com.br\/servidor\/wp-json\/wp\/v2\/tags?post=2244"}],"curies":[{"name":"wp","href":"https:\/\/api.w.org\/{rel}","templated":true}]}}