{"id":2240,"date":"2016-07-12T13:54:36","date_gmt":"2016-07-12T16:54:36","guid":{"rendered":"https:\/\/blogs.correiobraziliense.com.br\/servidor\/?p=2240"},"modified":"2016-07-12T13:54:36","modified_gmt":"2016-07-12T16:54:36","slug":"aumento-para-servidores-e-militares-e-aprovado-pelo-senado","status":"publish","type":"post","link":"https:\/\/blogs.correiobraziliense.com.br\/servidor\/aumento-para-servidores-e-militares-e-aprovado-pelo-senado\/","title":{"rendered":"Aumento para servidores e militares \u00e9 aprovado pelo Senado"},"content":{"rendered":"<p>Comiss\u00e3o de Assuntos Econ\u00f4micos (CAE), do Senado, ap\u00f3s acordo entre Executivo e Legislativo, aprovam oito projetos que reajustam sal\u00e1rios, mas veta cria\u00e7\u00e3o de 14 mil cargos, transposi\u00e7\u00f5es e gratifica\u00e7\u00f5es. Os reajustes, fechados pela presidente afastada Dilma Rousseff, dever\u00e3o ser confirmados ainda hoje pelo Plen\u00e1rio do Senado.<\/p>\n<p>O objetivo foi evitar que as propostas retornassem \u00e0 C\u00e2mara. Assim, s\u00f3 seriam votados em agosto e atrapalharia a vida do funcionalismo, que espera ter o dinheiro nos contracheques no m\u00eas que vem. Mas h\u00e1 o compromisso de que alguns penduricalhos que passarem ser\u00e3o vetados pelo presidente interino Michel Temer.<\/p>\n<p>O impacto das medidas est\u00e1 sendo recalculado pelo Minist\u00e9rio do Planejamento e ser\u00e1 divulgado mais tarde.<\/p>\n<p>Falta ainda votar o projeto que eleva o teto remunerat\u00f3rio do funcionalismo p\u00fablico federal, ou seja, os subs\u00eddios dos ministros do Supremo Tribunal Federal (STF), que receber\u00e3o R$ 39.293,00 a partir de 2017, procurador-geral da Rep\u00fablica( MPU) e o defensor p\u00fablico-geral da Uni\u00e3o (DPU), que t\u00eam efeito-cascata.<\/p>\n","protected":false},"excerpt":{"rendered":"<p>Comiss\u00e3o de Assuntos Econ\u00f4micos (CAE), do Senado, ap\u00f3s acordo entre Executivo e Legislativo, aprovam oito projetos que reajustam sal\u00e1rios, mas veta cria\u00e7\u00e3o de 14 mil cargos, transposi\u00e7\u00f5es e gratifica\u00e7\u00f5es. Os reajustes, fechados pela presidente afastada Dilma Rousseff, dever\u00e3o ser confirmados ainda hoje pelo Plen\u00e1rio do Senado. O objetivo foi evitar que as propostas retornassem \u00e0 C\u00e2mara. Assim, s\u00f3 seriam votados [&hellip;]<\/p>\n","protected":false},"author":27,"featured_media":0,"comment_status":"open","ping_status":"closed","sticky":false,"template":"","format":"standard","meta":{"footnotes":""},"categories":[2719],"tags":[1691,75,2780,2786,2789,51,2788,2785,696,58,34,642,2787],"class_list":["post-2240","post","type-post","status-publish","format-standard","hentry","category-servidor","tag-aprovado","tag-aumento","tag-cae","tag-complromisso","tag-dpu","tag-militares","tag-mpu","tag-penduricalhos","tag-senado","tag-servidores","tag-stf","tag-teto","tag-veto"],"_links":{"self":[{"href":"https:\/\/blogs.correiobraziliense.com.br\/servidor\/wp-json\/wp\/v2\/posts\/2240","targetHints":{"allow":["GET"]}}],"collection":[{"href":"https:\/\/blogs.correiobraziliense.com.br\/servidor\/wp-json\/wp\/v2\/posts"}],"about":[{"href":"https:\/\/blogs.correiobraziliense.com.br\/servidor\/wp-json\/wp\/v2\/types\/post"}],"author":[{"embeddable":true,"href":"https:\/\/blogs.correiobraziliense.com.br\/servidor\/wp-json\/wp\/v2\/users\/27"}],"replies":[{"embeddable":true,"href":"https:\/\/blogs.correiobraziliense.com.br\/servidor\/wp-json\/wp\/v2\/comments?post=2240"}],"version-history":[{"count":1,"href":"https:\/\/blogs.correiobraziliense.com.br\/servidor\/wp-json\/wp\/v2\/posts\/2240\/revisions"}],"predecessor-version":[{"id":2241,"href":"https:\/\/blogs.correiobraziliense.com.br\/servidor\/wp-json\/wp\/v2\/posts\/2240\/revisions\/2241"}],"wp:attachment":[{"href":"https:\/\/blogs.correiobraziliense.com.br\/servidor\/wp-json\/wp\/v2\/media?parent=2240"}],"wp:term":[{"taxonomy":"category","embeddable":true,"href":"https:\/\/blogs.correiobraziliense.com.br\/servidor\/wp-json\/wp\/v2\/categories?post=2240"},{"taxonomy":"post_tag","embeddable":true,"href":"https:\/\/blogs.correiobraziliense.com.br\/servidor\/wp-json\/wp\/v2\/tags?post=2240"}],"curies":[{"name":"wp","href":"https:\/\/api.w.org\/{rel}","templated":true}]}}