{"id":2232,"date":"2016-07-12T12:20:35","date_gmt":"2016-07-12T15:20:35","guid":{"rendered":"https:\/\/blogs.correiobraziliense.com.br\/servidor\/?p=2232"},"modified":"2016-07-12T12:20:35","modified_gmt":"2016-07-12T15:20:35","slug":"servidores-protestam-em-frente-ao-banco-central","status":"publish","type":"post","link":"https:\/\/blogs.correiobraziliense.com.br\/servidor\/servidores-protestam-em-frente-ao-banco-central\/","title":{"rendered":"Servidores protestam em frente ao Banco Central e CAE aprova projeto de reajuste na \u00edntegra"},"content":{"rendered":"<p>T\u00e9cnicos e analistas do Banco Central fizeram na manh\u00e3 de hoje um ato conjunto de protesto em todo o Brasil pelo cumprimento do acordo salarial assinado no apagar das luzes da gest\u00e3o Dilma Rousseff. O objetivo era impedir que a Comiss\u00e3o de Assunto Econ\u00f4micos (CAE), do Senado, n\u00e3o retirasse do PLC 36\/2016 a reestrutura\u00e7\u00e3o da carreira de t\u00e9cnico que muda o acesso de n\u00edvel m\u00e9dio para n\u00edvel superior. A press\u00e3o deu resultado. A CAE aprovou o PLC36\/2016, que trata dos reajustes de analistas, t\u00e9cnicos e procuradores do BC. Os parlamentares mantiveram a reda\u00e7\u00e3o original do projeto, na C\u00e2mara, com acordo para aprova\u00e7\u00e3o em plen\u00e1rio e encaminhamento \u00e0 san\u00e7\u00e3o do Presid\u00eancia da Rep\u00fablica. Os l\u00edderes do governo, maioria e minoria, assim como os relatores expressaram o entendimento que as emendas aos projetos de reajuste seriam objeto de poss\u00edvel veto presidencial. &#8220;A pr\u00f3xima etapa, delibera\u00e7\u00e3o pelo plen\u00e1rio do Senado, deve ocorrer ainda hoje. E, na sequ\u00eancia, precisar\u00e1 a dire\u00e7\u00e3o do BC entrar em campo junto com os servidores para impedir o veto ao n\u00edvel superior no ingresso ao cargo de t\u00e9cnico&#8221;, informou o Sindicato Nacional do Funcion\u00e1rios do BC (Sinal), .<\/p>\n","protected":false},"excerpt":{"rendered":"<p>T\u00e9cnicos e analistas do Banco Central fizeram na manh\u00e3 de hoje um ato conjunto de protesto em todo o Brasil pelo cumprimento do acordo salarial assinado no apagar das luzes da gest\u00e3o Dilma Rousseff. O objetivo era impedir que a Comiss\u00e3o de Assunto Econ\u00f4micos (CAE), do Senado, n\u00e3o retirasse do PLC 36\/2016 a reestrutura\u00e7\u00e3o da carreira de t\u00e9cnico que muda [&hellip;]<\/p>\n","protected":false},"author":27,"featured_media":0,"comment_status":"open","ping_status":"closed","sticky":false,"template":"","format":"standard","meta":{"footnotes":""},"categories":[2719],"tags":[84,381,1566,1818,2780,2394,309,1235,101,718,63,58,2781],"class_list":["post-2232","post","type-post","status-publish","format-standard","hentry","category-servidor","tag-acesso","tag-analistas","tag-aprova","tag-bc","tag-cae","tag-integra","tag-nivel-superior","tag-procuradores","tag-projeto","tag-protesto","tag-reajuste","tag-servidores","tag-tecnicos"],"_links":{"self":[{"href":"https:\/\/blogs.correiobraziliense.com.br\/servidor\/wp-json\/wp\/v2\/posts\/2232","targetHints":{"allow":["GET"]}}],"collection":[{"href":"https:\/\/blogs.correiobraziliense.com.br\/servidor\/wp-json\/wp\/v2\/posts"}],"about":[{"href":"https:\/\/blogs.correiobraziliense.com.br\/servidor\/wp-json\/wp\/v2\/types\/post"}],"author":[{"embeddable":true,"href":"https:\/\/blogs.correiobraziliense.com.br\/servidor\/wp-json\/wp\/v2\/users\/27"}],"replies":[{"embeddable":true,"href":"https:\/\/blogs.correiobraziliense.com.br\/servidor\/wp-json\/wp\/v2\/comments?post=2232"}],"version-history":[{"count":1,"href":"https:\/\/blogs.correiobraziliense.com.br\/servidor\/wp-json\/wp\/v2\/posts\/2232\/revisions"}],"predecessor-version":[{"id":2233,"href":"https:\/\/blogs.correiobraziliense.com.br\/servidor\/wp-json\/wp\/v2\/posts\/2232\/revisions\/2233"}],"wp:attachment":[{"href":"https:\/\/blogs.correiobraziliense.com.br\/servidor\/wp-json\/wp\/v2\/media?parent=2232"}],"wp:term":[{"taxonomy":"category","embeddable":true,"href":"https:\/\/blogs.correiobraziliense.com.br\/servidor\/wp-json\/wp\/v2\/categories?post=2232"},{"taxonomy":"post_tag","embeddable":true,"href":"https:\/\/blogs.correiobraziliense.com.br\/servidor\/wp-json\/wp\/v2\/tags?post=2232"}],"curies":[{"name":"wp","href":"https:\/\/api.w.org\/{rel}","templated":true}]}}