{"id":2223,"date":"2016-07-11T15:51:12","date_gmt":"2016-07-11T18:51:12","guid":{"rendered":"https:\/\/blogs.correiobraziliense.com.br\/servidor\/?p=2223"},"modified":"2016-07-11T15:51:12","modified_gmt":"2016-07-11T18:51:12","slug":"auditores-fiscais-desfecham-paralisacao-e-operacao-padrao-sem-data-para-acabar","status":"publish","type":"post","link":"https:\/\/blogs.correiobraziliense.com.br\/servidor\/auditores-fiscais-desfecham-paralisacao-e-operacao-padrao-sem-data-para-acabar\/","title":{"rendered":"Auditores fiscais desfecham paralisa\u00e7\u00e3o e Opera\u00e7\u00e3o Padr\u00e3o sem data para acabar"},"content":{"rendered":"<p><em>O movimento come\u00e7a quinta-feira (14), com opera\u00e7\u00e3o padr\u00e3o nas fronteiras, portos e aeroportos. Ou seja, fiscaliza\u00e7\u00e3o mais rigorosa na libera\u00e7\u00e3o de cargas e bagagens. O protesto foi decidido em assembleia nos dias 7 de 8 passado.<\/em><\/p>\n<p>De acordo com o Sindicato Nacional dos Auditores-Fiscais da Receita Federal (Sindifisco), esse \u00e9 o resultado do descumprimento do acordo salarial, fechado dia 23 de mar\u00e7o deste ano. O governo federal alega n\u00e3o ter previs\u00e3o de quando remeter\u00e1 ao Congresso o projeto de lei relacionado ao aumento e \u00e0 pauta n\u00e3o remunerat\u00f3ria da categoria.<\/p>\n<p>Na tarde de 6 de julho, uma comitiva do Sindicisco se reuniu com o ministro Dyogo Oliveira (Planejamento, Or\u00e7amento e Gest\u00e3o) para tentar destravar o PL. O resultado foi decepcionante. Al\u00e9m de n\u00e3o haver prazo de chegada ao Legislativo, os auditores ainda ouviram dele que h\u00e1 \u201cdificuldades t\u00e9cnicas e jur\u00eddicas\u201d a serem tratadas sobre o b\u00f4nus de efici\u00eancia.<\/p>\n<p><b><i>Tratamento diferenciado<\/i><\/b><\/p>\n<p>Mas, no dia seguinte, foi editada a Medida Provis\u00f3ria<a href=\"http:\/\/pesquisa.in.gov.br\/imprensa\/jsp\/visualiza\/index.jsp?jornal=1&amp;pagina=2&amp;data=08\/07\/2016\" target=\"_blank\"> 739\/16<\/a>, que instituiu o B\u00f4nus Especial de Desempenho Institucional para os m\u00e9dicos peritos do INSS em benef\u00edcios por incapacidade. E nesse caso n\u00e3o foram alegadas \u201cdificuldades t\u00e9cnicas e jur\u00eddicas\u201d.<\/p>\n<p>\u201cAssim vira o cada-um-por-si. Os auditores n\u00e3o aceitam esse rebaixamento. A MP 739\/16 escancara o desprest\u00edgio da Receita Federal. Depois de muitos anos, essa atitude do governo uniu o Fisco na busca pela sua valoriza\u00e7\u00e3o. H\u00e1 at\u00e9 mesmo a ades\u00e3o de auditores-administradores de todo o Pa\u00eds\u201d, ressaltou Cl\u00e1udio Damasceno, presidente do Sindifisco Nacional.<\/p>\n<p>O PL est\u00e1 numa situa\u00e7\u00e3o em que seria praticamente in\u00f3cuo. Para que os prazos dados aos auditores sejam mantidos, o Pal\u00e1cio do Planalto precisaria remeter e votar o projeto antes do recesso parlamentar \u2013 previsto para come\u00e7ar nesta sexta-feira. Ou recorrer a outra medida provis\u00f3ria para fazer o acordo fechado em mar\u00e7o valer a partir de agosto, explica a entidade.<\/p>\n","protected":false},"excerpt":{"rendered":"<p>O movimento come\u00e7a quinta-feira (14), com opera\u00e7\u00e3o padr\u00e3o nas fronteiras, portos e aeroportos. Ou seja, fiscaliza\u00e7\u00e3o mais rigorosa na libera\u00e7\u00e3o de cargas e bagagens. O protesto foi decidido em assembleia nos dias 7 de 8 passado. De acordo com o Sindicato Nacional dos Auditores-Fiscais da Receita Federal (Sindifisco), esse \u00e9 o resultado do descumprimento do acordo salarial, fechado dia 23 [&hellip;]<\/p>\n","protected":false},"author":27,"featured_media":0,"comment_status":"open","ping_status":"closed","sticky":false,"template":"","format":"standard","meta":{"footnotes":""},"categories":[2719],"tags":[603,31,596,2767,2765,506,1031,2766,63,294],"class_list":["post-2223","post","type-post","status-publish","format-standard","hentry","category-servidor","tag-aeroportos","tag-auditores","tag-campanha-salarial","tag-fronteiras","tag-operacao-padrao","tag-paralisacao","tag-pl","tag-portos","tag-reajuste","tag-receita-federal"],"_links":{"self":[{"href":"https:\/\/blogs.correiobraziliense.com.br\/servidor\/wp-json\/wp\/v2\/posts\/2223","targetHints":{"allow":["GET"]}}],"collection":[{"href":"https:\/\/blogs.correiobraziliense.com.br\/servidor\/wp-json\/wp\/v2\/posts"}],"about":[{"href":"https:\/\/blogs.correiobraziliense.com.br\/servidor\/wp-json\/wp\/v2\/types\/post"}],"author":[{"embeddable":true,"href":"https:\/\/blogs.correiobraziliense.com.br\/servidor\/wp-json\/wp\/v2\/users\/27"}],"replies":[{"embeddable":true,"href":"https:\/\/blogs.correiobraziliense.com.br\/servidor\/wp-json\/wp\/v2\/comments?post=2223"}],"version-history":[{"count":1,"href":"https:\/\/blogs.correiobraziliense.com.br\/servidor\/wp-json\/wp\/v2\/posts\/2223\/revisions"}],"predecessor-version":[{"id":2224,"href":"https:\/\/blogs.correiobraziliense.com.br\/servidor\/wp-json\/wp\/v2\/posts\/2223\/revisions\/2224"}],"wp:attachment":[{"href":"https:\/\/blogs.correiobraziliense.com.br\/servidor\/wp-json\/wp\/v2\/media?parent=2223"}],"wp:term":[{"taxonomy":"category","embeddable":true,"href":"https:\/\/blogs.correiobraziliense.com.br\/servidor\/wp-json\/wp\/v2\/categories?post=2223"},{"taxonomy":"post_tag","embeddable":true,"href":"https:\/\/blogs.correiobraziliense.com.br\/servidor\/wp-json\/wp\/v2\/tags?post=2223"}],"curies":[{"name":"wp","href":"https:\/\/api.w.org\/{rel}","templated":true}]}}