{"id":2219,"date":"2016-07-11T12:23:04","date_gmt":"2016-07-11T15:23:04","guid":{"rendered":"https:\/\/blogs.correiobraziliense.com.br\/servidor\/?p=2219"},"modified":"2016-07-11T12:23:04","modified_gmt":"2016-07-11T15:23:04","slug":"concursados-so-podem-ser-nomeados-no-estado-de-origem","status":"publish","type":"post","link":"https:\/\/blogs.correiobraziliense.com.br\/servidor\/concursados-so-podem-ser-nomeados-no-estado-de-origem\/","title":{"rendered":"Concursados s\u00f3 podem ser nomeados no Estado de origem"},"content":{"rendered":"<p><em>De acordo com o relator do processo, conselheiro Bruno Ronchetti, o aproveitamento deve se restringir a mesma unidade federativa, mesmo que n\u00e3o haja concursados dispon\u00edveis no local<br \/>\n<\/em><\/p>\n<p>O plen\u00e1rio do Conselho Nacional de Justi\u00e7a (CNJ) negou, na 16\u00aa Sess\u00e3o Virtual, a possibilidade de aproveitamento de candidatos habilitados em concursos p\u00fablicos do Poder Judici\u00e1rio da Uni\u00e3o por outros \u00f3rg\u00e3os do mesmo Poder, por\u00e9m de unidade federativa diversa, quando n\u00e3o h\u00e1 concurso vigente para o cargo pretendido na mesma localidade.\u00a0De acordo com o relator do processo, conselheiro Bruno Ronchetti, o aproveitamento deve se restringir a mesma unidade federativa.<\/p>\n<p>A consulta foi feita pelo Tribunal Regional Eleitoral de Sergipe (TRE\u2013SE).\u00a0 O argumento \u00e9 de que o Tribunal de Contas da Uni\u00e3o (TCU) teria admitido exce\u00e7\u00f5es \u00e0 regra de aproveitamento dentro da mesma localidade, desde que comprovada a inexist\u00eancia de concurso v\u00e1lido para o cargo desejado e comprovado que os princ\u00edpios da impessoalidade e da isonomia foram respeitados.<\/p>\n<p>O conselheiro enfatizou que o CNJ j\u00e1 deliberou sobre esse assunto outras duas vezes, sempre reiterando a necessidade de se restringir o aproveitamento \u00e0 mesma unidade federativa. Al\u00e9m disso, Ronchetti afirmou que as peculiaridades dos casos apontados nos pareceres do TCU citados na consulta n\u00e3o ensejavam altera\u00e7\u00e3o de entendimento acerca da regra geral. \u201cAssim, mantendo o precedente do Supremo Tribunal Federal (STF) e do TCU, os requisitos necess\u00e1rios para aproveitamento s\u00e3o: entre \u00f3rg\u00e3os do mesmo poder, cargo id\u00eantico, iguais denomina\u00e7\u00f5es e descri\u00e7\u00e3o, mesmas atribui\u00e7\u00f5es, respeitada ordem de classifica\u00e7\u00e3o e previs\u00e3o do edital, desde que os \u00f3rg\u00e3os estejam na mesma localidade\u201d, descreveu ao negar o pedido.<\/p>\n","protected":false},"excerpt":{"rendered":"<p>De acordo com o relator do processo, conselheiro Bruno Ronchetti, o aproveitamento deve se restringir a mesma unidade federativa, mesmo que n\u00e3o haja concursados dispon\u00edveis no local O plen\u00e1rio do Conselho Nacional de Justi\u00e7a (CNJ) negou, na 16\u00aa Sess\u00e3o Virtual, a possibilidade de aproveitamento de candidatos habilitados em concursos p\u00fablicos do Poder Judici\u00e1rio da Uni\u00e3o por outros \u00f3rg\u00e3os do mesmo [&hellip;]<\/p>\n","protected":false},"author":27,"featured_media":0,"comment_status":"open","ping_status":"closed","sticky":false,"template":"","format":"standard","meta":{"footnotes":""},"categories":[2719],"tags":[2762,1315,300,254,1147,56,2761,2629,34,2763],"class_list":["post-2219","post","type-post","status-publish","format-standard","hentry","category-servidor","tag-aproveitamento","tag-atribuicoes","tag-cargo","tag-cnj","tag-concursados","tag-estado","tag-nomeados","tag-origem","tag-stf","tag-unidade-federativa"],"_links":{"self":[{"href":"https:\/\/blogs.correiobraziliense.com.br\/servidor\/wp-json\/wp\/v2\/posts\/2219","targetHints":{"allow":["GET"]}}],"collection":[{"href":"https:\/\/blogs.correiobraziliense.com.br\/servidor\/wp-json\/wp\/v2\/posts"}],"about":[{"href":"https:\/\/blogs.correiobraziliense.com.br\/servidor\/wp-json\/wp\/v2\/types\/post"}],"author":[{"embeddable":true,"href":"https:\/\/blogs.correiobraziliense.com.br\/servidor\/wp-json\/wp\/v2\/users\/27"}],"replies":[{"embeddable":true,"href":"https:\/\/blogs.correiobraziliense.com.br\/servidor\/wp-json\/wp\/v2\/comments?post=2219"}],"version-history":[{"count":1,"href":"https:\/\/blogs.correiobraziliense.com.br\/servidor\/wp-json\/wp\/v2\/posts\/2219\/revisions"}],"predecessor-version":[{"id":2220,"href":"https:\/\/blogs.correiobraziliense.com.br\/servidor\/wp-json\/wp\/v2\/posts\/2219\/revisions\/2220"}],"wp:attachment":[{"href":"https:\/\/blogs.correiobraziliense.com.br\/servidor\/wp-json\/wp\/v2\/media?parent=2219"}],"wp:term":[{"taxonomy":"category","embeddable":true,"href":"https:\/\/blogs.correiobraziliense.com.br\/servidor\/wp-json\/wp\/v2\/categories?post=2219"},{"taxonomy":"post_tag","embeddable":true,"href":"https:\/\/blogs.correiobraziliense.com.br\/servidor\/wp-json\/wp\/v2\/tags?post=2219"}],"curies":[{"name":"wp","href":"https:\/\/api.w.org\/{rel}","templated":true}]}}