{"id":2207,"date":"2016-07-08T17:25:43","date_gmt":"2016-07-08T20:25:43","guid":{"rendered":"https:\/\/blogs.correiobraziliense.com.br\/servidor\/?p=2207"},"modified":"2016-07-08T17:26:03","modified_gmt":"2016-07-08T20:26:03","slug":"anfip-defende-protecao-especial-ao-auditor-da-receita-federal","status":"publish","type":"post","link":"https:\/\/blogs.correiobraziliense.com.br\/servidor\/anfip-defende-protecao-especial-ao-auditor-da-receita-federal\/","title":{"rendered":"Anfip defende prote\u00e7\u00e3o especial ao auditor da Receita Federal"},"content":{"rendered":"<p><em>A Associa\u00e7\u00e3o Nacional dos Auditores Fiscais da Receita Federal do Brasil (Anfip) defende a aprova\u00e7\u00e3o do Projeto de Lei (PL) que visa garantir prote\u00e7\u00e3o especial ao trabalho de fiscaliza\u00e7\u00e3o da Receita Federal. O <a href=\"http:\/\/www.camara.gov.br\/proposicoesWeb\/fichadetramitacao?idProposicao=1585067\">PL 2400\/2015<\/a>, de autoria do deputado Macedo (PP\/CE), tramita na C\u00e2mara dos Deputados.<\/em><\/p>\n<p>O texto prev\u00ea a prote\u00e7\u00e3o ao auditor fiscal e aos familiares em situa\u00e7\u00e3o de risco, conforme decreto que regulamentar a mat\u00e9ria ap\u00f3s a aprova\u00e7\u00e3o, bem como presta\u00e7\u00e3o de socorro, remo\u00e7\u00e3o imediata e aux\u00edlio psicol\u00f3gico, entre outras medidas.<\/p>\n<p>Para o presidente da Anfip, Vilson Antonio Romero, a fiscaliza\u00e7\u00e3o, principalmente em zonas de fronteiras, tem riscos expressivos e a estrutura disponibilizada pela Uni\u00e3o n\u00e3o permite tranquilidade no exerc\u00edcio da atividade. \u201c\u00c9 preciso constatar a import\u00e2ncia do trabalho do Auditor, que garante n\u00e3o apenas a justa concorr\u00eancia entre os atores econ\u00f4micos, mas tamb\u00e9m a arrecada\u00e7\u00e3o dos recursos para os programas sociais. Assim, essa fun\u00e7\u00e3o essencial do Estado tem de ser protegida, porque \u00e9 ben\u00e9fica para toda a sociedade\u201d, completou.<\/p>\n<p>O PL 2400\/2015 est\u00e1 tramitando na Comiss\u00e3o de Trabalho, Administra\u00e7\u00e3o e Servi\u00e7o P\u00fablico (CTASP).\u00a0O presidente do colegiado, deputado Wolney Queiroz (PDT\/PE), designou o deputado Bebeto (PSB\/BA, na foto) como relator da mat\u00e9ria. Depois de aprovado o parecer na CTASP, o texto ainda deve ser analisado na\u00a0Comiss\u00e3o de Seguran\u00e7a P\u00fablica e Combate ao Crime Organizado (CSPCCO).<\/p>\n","protected":false},"excerpt":{"rendered":"<p>A Associa\u00e7\u00e3o Nacional dos Auditores Fiscais da Receita Federal do Brasil (Anfip) defende a aprova\u00e7\u00e3o do Projeto de Lei (PL) que visa garantir prote\u00e7\u00e3o especial ao trabalho de fiscaliza\u00e7\u00e3o da Receita Federal. O PL 2400\/2015, de autoria do deputado Macedo (PP\/CE), tramita na C\u00e2mara dos Deputados. O texto prev\u00ea a prote\u00e7\u00e3o ao auditor fiscal e aos familiares em situa\u00e7\u00e3o de [&hellip;]<\/p>\n","protected":false},"author":27,"featured_media":0,"comment_status":"open","ping_status":"closed","sticky":false,"template":"","format":"standard","meta":{"footnotes":""},"categories":[2719],"tags":[771,2585,61,1396,2747,2748,2746,294,1212,546],"class_list":["post-2207","post","type-post","status-publish","format-standard","hentry","category-servidor","tag-anfip","tag-auditor","tag-camara","tag-defende","tag-espeical","tag-pl-24002015","tag-protecao","tag-receita-federal","tag-risco","tag-situacao"],"_links":{"self":[{"href":"https:\/\/blogs.correiobraziliense.com.br\/servidor\/wp-json\/wp\/v2\/posts\/2207","targetHints":{"allow":["GET"]}}],"collection":[{"href":"https:\/\/blogs.correiobraziliense.com.br\/servidor\/wp-json\/wp\/v2\/posts"}],"about":[{"href":"https:\/\/blogs.correiobraziliense.com.br\/servidor\/wp-json\/wp\/v2\/types\/post"}],"author":[{"embeddable":true,"href":"https:\/\/blogs.correiobraziliense.com.br\/servidor\/wp-json\/wp\/v2\/users\/27"}],"replies":[{"embeddable":true,"href":"https:\/\/blogs.correiobraziliense.com.br\/servidor\/wp-json\/wp\/v2\/comments?post=2207"}],"version-history":[{"count":2,"href":"https:\/\/blogs.correiobraziliense.com.br\/servidor\/wp-json\/wp\/v2\/posts\/2207\/revisions"}],"predecessor-version":[{"id":2209,"href":"https:\/\/blogs.correiobraziliense.com.br\/servidor\/wp-json\/wp\/v2\/posts\/2207\/revisions\/2209"}],"wp:attachment":[{"href":"https:\/\/blogs.correiobraziliense.com.br\/servidor\/wp-json\/wp\/v2\/media?parent=2207"}],"wp:term":[{"taxonomy":"category","embeddable":true,"href":"https:\/\/blogs.correiobraziliense.com.br\/servidor\/wp-json\/wp\/v2\/categories?post=2207"},{"taxonomy":"post_tag","embeddable":true,"href":"https:\/\/blogs.correiobraziliense.com.br\/servidor\/wp-json\/wp\/v2\/tags?post=2207"}],"curies":[{"name":"wp","href":"https:\/\/api.w.org\/{rel}","templated":true}]}}