{"id":2205,"date":"2016-07-08T17:21:21","date_gmt":"2016-07-08T20:21:21","guid":{"rendered":"https:\/\/blogs.correiobraziliense.com.br\/servidor\/?p=2205"},"modified":"2016-07-08T17:21:21","modified_gmt":"2016-07-08T20:21:21","slug":"auditores-do-trabalho-retomam-mobilizacao","status":"publish","type":"post","link":"https:\/\/blogs.correiobraziliense.com.br\/servidor\/auditores-do-trabalho-retomam-mobilizacao\/","title":{"rendered":"Auditores do Trabalho retomam mobiliza\u00e7\u00e3o"},"content":{"rendered":"<p><em>Em raz\u00e3o do n\u00e3o cumprimento dos acordos firmados com o governo, de acordo com o Sindicato Nacional dos Auditores Fiscais do Trabalho (Sinait)<\/em><\/p>\n<p>Veja a nota p\u00fablica divulgada pelo Sinait:<\/p>\n<p><strong>&#8220;Comunicado aos Trabalhadores e \u00e0 Sociedade em Geral<\/strong><\/p>\n<p>Os auditores-fiscais do Trabalho v\u00eam a p\u00fablico informar que, a partir de hoje, 8 de julho de 2016, retomam a mobiliza\u00e7\u00e3o em busca do fortalecimento da carreira, por melhores condi\u00e7\u00f5es de trabalho e pela recomposi\u00e7\u00e3o da remunera\u00e7\u00e3o, corro\u00edda pela infla\u00e7\u00e3o nos \u00faltimos anos.<\/p>\n<p>O movimento, que iniciou em maio de 2015, foi interrompido em mar\u00e7o deste ano com a assinatura de Termo de Acordo entre o Sindicato Nacional dos Auditores Fiscais do Trabalho (Sinait) e o Minist\u00e9rio do Planejamento. Tal acordo, que n\u00e3o atendeu \u00e0 totalidade das reivindica\u00e7\u00f5es apresentadas, vem sendo observado integralmente pela categoria, inclusive com a compensa\u00e7\u00e3o integral dos dias de greve, conforme as diretrizes fixadas.<\/p>\n<p>No entanto, ao contr\u00e1rio dos auditores-fiscais do Trabalho, que honram os compromissos assumidos, o governo federal n\u00e3o tomou nenhuma medida para dar cumprimento ao que foi firmado, nem tem demonstrado inten\u00e7\u00e3o de faz\u00ea-lo. Pior do que isso, tem dito que pretende desconsiderar os termos do acordo, em flagrante desrespeito com toda a categoria.<\/p>\n<p>N\u00e3o podemos mais permanecer inertes. O tratamento que vem sendo dispensado \u00e0 Inspe\u00e7\u00e3o do Trabalho agride n\u00e3o s\u00f3 os seus membros, mas tamb\u00e9m todos aqueles que contam com essa importante atividade p\u00fablica para garantir um ambiente de trabalho legal, saud\u00e1vel e seguro.<\/p>\n<p>A mobiliza\u00e7\u00e3o, que est\u00e1 sendo retomada neste momento, s\u00f3 se encerrar\u00e1 quando o governo federal cumprir com aquilo que se comprometeu. Os preju\u00edzos, para trabalhadores e empregadores, decorrentes da mobiliza\u00e7\u00e3o, s\u00e3o de responsabilidade exclusiva daqueles que n\u00e3o respeitam os compromissos assumidos. Apenas estes, poder\u00e3o ser responsabilizados por, mais uma vez, for\u00e7arem os auditores-fiscais do Trabalho a tomarem medidas extremas como as que se seguir\u00e3o.&#8221;<\/p>\n","protected":false},"excerpt":{"rendered":"<p>Em raz\u00e3o do n\u00e3o cumprimento dos acordos firmados com o governo, de acordo com o Sindicato Nacional dos Auditores Fiscais do Trabalho (Sinait) Veja a nota p\u00fablica divulgada pelo Sinait: &#8220;Comunicado aos Trabalhadores e \u00e0 Sociedade em Geral Os auditores-fiscais do Trabalho v\u00eam a p\u00fablico informar que, a partir de hoje, 8 de julho de 2016, retomam a mobiliza\u00e7\u00e3o em [&hellip;]<\/p>\n","protected":false},"author":27,"featured_media":0,"comment_status":"open","ping_status":"closed","sticky":false,"template":"","format":"standard","meta":{"footnotes":""},"categories":[2719],"tags":[2047,648,188,2745,790,141,481,1518,1470,19,261],"class_list":["post-2205","post","type-post","status-publish","format-standard","hentry","category-servidor","tag-acordos","tag-auditores-fiscais","tag-carreira","tag-empregadores","tag-fortalecimento","tag-ministerio-do-planejamento","tag-mobilizacao","tag-prejuizos","tag-salariais","tag-trabalhadores","tag-trabalho"],"_links":{"self":[{"href":"https:\/\/blogs.correiobraziliense.com.br\/servidor\/wp-json\/wp\/v2\/posts\/2205","targetHints":{"allow":["GET"]}}],"collection":[{"href":"https:\/\/blogs.correiobraziliense.com.br\/servidor\/wp-json\/wp\/v2\/posts"}],"about":[{"href":"https:\/\/blogs.correiobraziliense.com.br\/servidor\/wp-json\/wp\/v2\/types\/post"}],"author":[{"embeddable":true,"href":"https:\/\/blogs.correiobraziliense.com.br\/servidor\/wp-json\/wp\/v2\/users\/27"}],"replies":[{"embeddable":true,"href":"https:\/\/blogs.correiobraziliense.com.br\/servidor\/wp-json\/wp\/v2\/comments?post=2205"}],"version-history":[{"count":1,"href":"https:\/\/blogs.correiobraziliense.com.br\/servidor\/wp-json\/wp\/v2\/posts\/2205\/revisions"}],"predecessor-version":[{"id":2206,"href":"https:\/\/blogs.correiobraziliense.com.br\/servidor\/wp-json\/wp\/v2\/posts\/2205\/revisions\/2206"}],"wp:attachment":[{"href":"https:\/\/blogs.correiobraziliense.com.br\/servidor\/wp-json\/wp\/v2\/media?parent=2205"}],"wp:term":[{"taxonomy":"category","embeddable":true,"href":"https:\/\/blogs.correiobraziliense.com.br\/servidor\/wp-json\/wp\/v2\/categories?post=2205"},{"taxonomy":"post_tag","embeddable":true,"href":"https:\/\/blogs.correiobraziliense.com.br\/servidor\/wp-json\/wp\/v2\/tags?post=2205"}],"curies":[{"name":"wp","href":"https:\/\/api.w.org\/{rel}","templated":true}]}}