{"id":2198,"date":"2016-07-08T13:30:21","date_gmt":"2016-07-08T16:30:21","guid":{"rendered":"https:\/\/blogs.correiobraziliense.com.br\/servidor\/?p=2198"},"modified":"2016-07-08T12:51:33","modified_gmt":"2016-07-08T15:51:33","slug":"sindireceita-fomos-levados-guerra-e-dela-nao-vamos-recuar","status":"publish","type":"post","link":"https:\/\/blogs.correiobraziliense.com.br\/servidor\/sindireceita-fomos-levados-guerra-e-dela-nao-vamos-recuar\/","title":{"rendered":"Sindireceita &#8211; &#8220;Fomos levados \u00e0 guerra e dela n\u00e3o vamos recuar&#8221;"},"content":{"rendered":"<p><em>Por meio de nota, o Sindicato Nacional dos Analistas Tribut\u00e1rios da Receita Federal (Sindireceita) demonstra indigna\u00e7\u00e3o sobre o adiamento dos projetos de reajuste das categorias do Fisco<\/em><\/p>\n<p>Veja a nota:<\/p>\n<p>&#8220;Desde a vota\u00e7\u00e3o da altera\u00e7\u00e3o da meta fiscal para 2016, em 25 de maio, aguardamos o encaminhamento do Projeto de Lei do acordo remunerat\u00f3rio dos Analistas-Tribut\u00e1rios da Receita Federal do Brasil. De l\u00e1 at\u00e9 aqui, 08 de julho, s\u00f3 colecionamos desculpas: estudos no MPOG, an\u00e1lise do B\u00f4nus de Efici\u00eancia com extens\u00e3o parcial aos inativos, momento pol\u00edtico, dificuldades t\u00e9cnicas impostas pela CONJUR\/MPOG, altera\u00e7\u00f5es no Projeto de Lei de reajuste da AGU, melhor momento pol\u00edtico\u2026BASTA!<\/p>\n<p>S\u00f3 podemos concluir que o MPOG foi escalado para dar uma \u201cpedalada\u201d na Receita Federal do Brasil e em seus servidores de Carreira. N\u00e3o h\u00e1 qualquer justificativa plaus\u00edvel para que se tenha aprovado o aumento diferenciado dos servidores do judici\u00e1rio, do legislativo e do Minist\u00e9rio P\u00fablico da Uni\u00e3o sem que se tenha sequer concretizado o acordo dos servidores da Receita Federal em Projeto de Lei.<\/p>\n<p>N\u00e3o obstante, in\u00fameros acordos salariais de reajustes simples e diretos de servidores do Poder Executivo \u2013 inclusive o da categoria do Sr. Ministro do MPOG \u2013 j\u00e1 mereceram a considera\u00e7\u00e3o do cumprimento, tramitaram pela C\u00e2mara dos Deputados e aguardam apenas a aprecia\u00e7\u00e3o na Comiss\u00e3o de Assuntos Econ\u00f4micos do Senado para seguirem \u00e0 vota\u00e7\u00e3o em plen\u00e1rio e \u00e0 san\u00e7\u00e3o. Enquanto isso, o acordo da Carreira de Auditoria da Receita Federal, baseado na produtividade, resta aguardando decis\u00e3o do Sr. Ministro do Planejamento.<\/p>\n<p>Lament\u00e1vel constatar a invers\u00e3o de valores, a incoer\u00eancia das declara\u00e7\u00f5es e dos atos, a falta de compromisso e de respeito, o pouco preparo t\u00e9cnico e pol\u00edtico daqueles que, escalados para resolver o problema, s\u00f3 fazem agrav\u00e1-lo. Mas a quem interessa, de fato, sucatear a Receita Federal e submeter seus servidores?<\/p>\n<p>Enquanto o soneg\u00f4metro acumula quase R$ 300 bilh\u00f5es em apenas seis meses, enquanto alguns poucos privilegiados se esbaldarem com dezenas de bilh\u00f5es de reais em desonera\u00e7\u00e3o tribut\u00e1ria sem qualquer interesse p\u00fablico, enquanto a metade do dinheiro arrancado dos contribuintes for carreada para o pagamento de juros inaceit\u00e1veis ou enquanto a corrup\u00e7\u00e3o continuar a conduzir a economia do pa\u00eds \u00e0 bancarrota, enquanto cada um desses agentes da trag\u00e9dia brasileira n\u00e3o assumir sua conta, N\u00c3O VAMOS PAGAR O PATO!<\/p>\n<p>J\u00e1 cortamos demais na pr\u00f3pria carne. J\u00e1 perdemos, ao longo do \u00faltimo quarto de s\u00e9culo, todas as vantagens pessoais. Desde 2003, n\u00e3o temos mais direito \u00e0 paridade e \u00e0 integralidade. A Constitui\u00e7\u00e3o Federal foi emendada para suprimir a estabilidade do servidor. Ao contr\u00e1rio dos trabalhadores celetistas, n\u00e3o fazemos jus ao Fundo de Garantia, nem temos data-base para revis\u00e3o anual de nossos vencimentos. O acordo salarial que firmamos desconsidera uma perda inflacion\u00e1ria pregressa acima de 30%,\u00a0 projeta-se aqu\u00e9m da infla\u00e7\u00e3o futura e logo \u00e0 frente estaremos submetidos a um congelamento de despesas por dez ou vinte anos. Cortar mais aonde?<\/p>\n<p>Nunca nos colocamos acima dos demais trabalhadores, nunca pleiteamos qualquer privil\u00e9gio. O que exigimos \u00e9 o cumprimento do que foi acordado ap\u00f3s um longo processo de quase um ano e meio e \u00e0 luz da realidade econ\u00f4mica e pol\u00edtica do pa\u00eds. Processo este que se desenvolveu permanentemente sob o olhar atento do Senhor Secret\u00e1rio da Receita Federal do Brasil que, avalista deste acordo, tem grande interesse em pacificar sua casa e fazer funcionar com mais efici\u00eancia e capacidade de gerenciamento a m\u00e1quina arrecadadora federal, n\u00e3o podendo, portanto, se furtar em se envolver neste momento tenso.<\/p>\n<p>Desrespeitados, comunicamos ao senhor Ministro do Planejamento do atual governo que aguardamos ENTRINCHEIRADOS at\u00e9 a plena vig\u00eancia de Lei que contemple o acordo. Fomos levados \u00e0 guerra e dela n\u00e3o vamos recuar. Quem perde, infelizmente, \u00e9 o Pa\u00eds.&#8221;<\/p>\n","protected":false},"excerpt":{"rendered":"<p>Por meio de nota, o Sindicato Nacional dos Analistas Tribut\u00e1rios da Receita Federal (Sindireceita) demonstra indigna\u00e7\u00e3o sobre o adiamento dos projetos de reajuste das categorias do Fisco Veja a nota: &#8220;Desde a vota\u00e7\u00e3o da altera\u00e7\u00e3o da meta fiscal para 2016, em 25 de maio, aguardamos o encaminhamento do Projeto de Lei do acordo remunerat\u00f3rio dos Analistas-Tribut\u00e1rios da Receita Federal do [&hellip;]<\/p>\n","protected":false},"author":27,"featured_media":0,"comment_status":"open","ping_status":"closed","sticky":false,"template":"","format":"standard","meta":{"footnotes":""},"categories":[2719],"tags":[190,231,1033,2288,247,647,1300,63,2185,459],"class_list":["post-2198","post","type-post","status-publish","format-standard","hentry","category-servidor","tag-adiamento","tag-bonus","tag-eficiencia","tag-encaminhamento","tag-fisco","tag-guerra","tag-projetos","tag-reajuste","tag-recuar","tag-sindireceita"],"_links":{"self":[{"href":"https:\/\/blogs.correiobraziliense.com.br\/servidor\/wp-json\/wp\/v2\/posts\/2198","targetHints":{"allow":["GET"]}}],"collection":[{"href":"https:\/\/blogs.correiobraziliense.com.br\/servidor\/wp-json\/wp\/v2\/posts"}],"about":[{"href":"https:\/\/blogs.correiobraziliense.com.br\/servidor\/wp-json\/wp\/v2\/types\/post"}],"author":[{"embeddable":true,"href":"https:\/\/blogs.correiobraziliense.com.br\/servidor\/wp-json\/wp\/v2\/users\/27"}],"replies":[{"embeddable":true,"href":"https:\/\/blogs.correiobraziliense.com.br\/servidor\/wp-json\/wp\/v2\/comments?post=2198"}],"version-history":[{"count":1,"href":"https:\/\/blogs.correiobraziliense.com.br\/servidor\/wp-json\/wp\/v2\/posts\/2198\/revisions"}],"predecessor-version":[{"id":2199,"href":"https:\/\/blogs.correiobraziliense.com.br\/servidor\/wp-json\/wp\/v2\/posts\/2198\/revisions\/2199"}],"wp:attachment":[{"href":"https:\/\/blogs.correiobraziliense.com.br\/servidor\/wp-json\/wp\/v2\/media?parent=2198"}],"wp:term":[{"taxonomy":"category","embeddable":true,"href":"https:\/\/blogs.correiobraziliense.com.br\/servidor\/wp-json\/wp\/v2\/categories?post=2198"},{"taxonomy":"post_tag","embeddable":true,"href":"https:\/\/blogs.correiobraziliense.com.br\/servidor\/wp-json\/wp\/v2\/tags?post=2198"}],"curies":[{"name":"wp","href":"https:\/\/api.w.org\/{rel}","templated":true}]}}