{"id":2190,"date":"2016-07-08T12:01:04","date_gmt":"2016-07-08T15:01:04","guid":{"rendered":"https:\/\/blogs.correiobraziliense.com.br\/servidor\/?p=2190"},"modified":"2016-07-08T12:01:04","modified_gmt":"2016-07-08T15:01:04","slug":"parecer-avaliza-reajuste-na-geap","status":"publish","type":"post","link":"https:\/\/blogs.correiobraziliense.com.br\/servidor\/parecer-avaliza-reajuste-na-geap\/","title":{"rendered":"Parecer avaliza reajuste na Geap"},"content":{"rendered":"<p><span style=\"font-family: Utopia,sans-serif\"><span style=\"font-size: small\">A Geap Autogest\u00e3o, maior operadora de planos de sa\u00fade dos servidores p\u00fablicos federais, conseguiu, na quarta-feira, duas vit\u00f3rias entrela\u00e7adas. O Minist\u00e9rio P\u00fablico do Tribunal de Contas da Uni\u00e3o (TCU) deu parecer favor\u00e1vel \u00e0 empresa tanto na necessidade de expandir o leque de associados quanto na necessidade de o \u00edndice de reajuste ser mantido em 37,55%. A ades\u00e3o de funcion\u00e1rios p\u00fablicos de \u00f3rg\u00e3os n\u00e3o patrocinadores originais \u2014 Previd\u00eancia, Minist\u00e9rio da Sa\u00fade, Dataprev e Instituto Nacional do Seguro Social (INSS) \u2014 ao plano estava proibida por uma liminar do TCU, desde 2015. E o percentual de aumento estava sendo questionado pela antiga diretoria.<\/span><\/span><\/p>\n<p>\u201c<span style=\"font-family: Utopia,sans-serif\"><span style=\"font-size: small\">O parecer do procurador Marinus Eduardo Marsico \u00e9 muito importante. Ser\u00e1 submetido<\/span><\/span> <span style=\"font-family: Utopia,sans-serif\"><span style=\"font-size: small\">ao ministro Raimundo Carrero, relator do processo e<\/span><\/span> <span style=\"font-family: Utopia,sans-serif\"><span style=\"font-size: small\">se for acatada pelo plen\u00e1rio do TCU, ser\u00e1 um grande avan\u00e7o\u201d, explicou Lu\u00eds Melo, assessor jur\u00eddico da Geap. No parecer, o procurador ressalta que<\/span><\/span> <span style=\"font-family: Utopia,sans-serif\"><span style=\"font-size: small\">ficou suficientemente caracterizado que mudan\u00e7as na empresa a habilitaram a celebrar novos conv\u00eanios.<\/span><\/span><\/p>\n<p><span style=\"font-family: Utopia,sans-serif\"><span style=\"font-size: small\">Marsico considera, ainda, que o \u00edndice de reajuste de 37,55% dos planos para 2016 <\/span><\/span>\u2014 <span style=\"font-family: Utopia,sans-serif\"><span style=\"font-size: small\">objeto de a\u00e7\u00f5es judiciais para ser reduzido a 20% <\/span><\/span>\u2014 <span style=\"font-family: Utopia,sans-serif\"><span style=\"font-size: small\">mant\u00e9m a sa\u00fade financeira da operadora. \u201cOs aumentos s\u00e3o amparados em nota t\u00e9cnica atuarial submetida \u00e0 Ag\u00eancia Nacional de Sa\u00fade (ANS)\u201d, lembrou. Ele indicou que a Secretaria de Controle Externo do TCU (Segecex) oriente o Minist\u00e9rio do Planejamento no \u201caprimoramento do controle do conv\u00eanio e equaliza\u00e7\u00e3o do passivo apurado nas opera\u00e7\u00f5es da Geap, devendo inclusive verificar a possibilidade de incluir a avalia\u00e7\u00e3o das medidas a serem tomadas nas contas anuais\u201d.<\/span><\/span><\/p>\n<p><span style=\"font-family: Utopia,sans-serif\"><span style=\"font-size: small\">H\u00e1 uma disputa pol\u00edtica na Geap. Em maio, representantes dos servidores assumiram a Presid\u00eancia do Conselho de Administra\u00e7\u00e3o (Conad). Em 15 de junho, o governo entrou com uma liminar e retirou Irineu Messias do posto. La\u00e9rcio Roberto Lemos de Souza, assumiu o Conad. Ele chegou a ser afastado por uma nova decis\u00e3o da Justi\u00e7a, em 17 junho para na noite do dia seguinte, ser reconduzido \u00e0 Presid\u00eancia, por meio de uma segunda liminar.<\/span><\/span><\/p>\n","protected":false},"excerpt":{"rendered":"<p>A Geap Autogest\u00e3o, maior operadora de planos de sa\u00fade dos servidores p\u00fablicos federais, conseguiu, na quarta-feira, duas vit\u00f3rias entrela\u00e7adas. O Minist\u00e9rio P\u00fablico do Tribunal de Contas da Uni\u00e3o (TCU) deu parecer favor\u00e1vel \u00e0 empresa tanto na necessidade de expandir o leque de associados quanto na necessidade de o \u00edndice de reajuste ser mantido em 37,55%. A ades\u00e3o de funcion\u00e1rios p\u00fablicos [&hellip;]<\/p>\n","protected":false},"author":27,"featured_media":0,"comment_status":"open","ping_status":"closed","sticky":false,"template":"","format":"standard","meta":{"footnotes":""},"categories":[2719],"tags":[979,2720,2407,2721,76,1069,2722,1415,63,635],"class_list":["post-2190","post","type-post","status-publish","format-standard","hentry","category-servidor","tag-associados","tag-avaliza","tag-disputa","tag-expandir","tag-geap","tag-parecer","tag-patrocinadoras","tag-politica","tag-reajuste","tag-tcu"],"_links":{"self":[{"href":"https:\/\/blogs.correiobraziliense.com.br\/servidor\/wp-json\/wp\/v2\/posts\/2190","targetHints":{"allow":["GET"]}}],"collection":[{"href":"https:\/\/blogs.correiobraziliense.com.br\/servidor\/wp-json\/wp\/v2\/posts"}],"about":[{"href":"https:\/\/blogs.correiobraziliense.com.br\/servidor\/wp-json\/wp\/v2\/types\/post"}],"author":[{"embeddable":true,"href":"https:\/\/blogs.correiobraziliense.com.br\/servidor\/wp-json\/wp\/v2\/users\/27"}],"replies":[{"embeddable":true,"href":"https:\/\/blogs.correiobraziliense.com.br\/servidor\/wp-json\/wp\/v2\/comments?post=2190"}],"version-history":[{"count":1,"href":"https:\/\/blogs.correiobraziliense.com.br\/servidor\/wp-json\/wp\/v2\/posts\/2190\/revisions"}],"predecessor-version":[{"id":2191,"href":"https:\/\/blogs.correiobraziliense.com.br\/servidor\/wp-json\/wp\/v2\/posts\/2190\/revisions\/2191"}],"wp:attachment":[{"href":"https:\/\/blogs.correiobraziliense.com.br\/servidor\/wp-json\/wp\/v2\/media?parent=2190"}],"wp:term":[{"taxonomy":"category","embeddable":true,"href":"https:\/\/blogs.correiobraziliense.com.br\/servidor\/wp-json\/wp\/v2\/categories?post=2190"},{"taxonomy":"post_tag","embeddable":true,"href":"https:\/\/blogs.correiobraziliense.com.br\/servidor\/wp-json\/wp\/v2\/tags?post=2190"}],"curies":[{"name":"wp","href":"https:\/\/api.w.org\/{rel}","templated":true}]}}