{"id":219,"date":"2015-06-09T08:00:00","date_gmt":"2015-06-09T08:00:00","guid":{"rendered":"https:\/\/blogs.correiobraziliense.com.br\/servidor\/servidores_do_judiciario_fazem_pressao_no_senado_e_vigilia_no_stf\/"},"modified":"2015-06-09T08:00:00","modified_gmt":"2015-06-09T08:00:00","slug":"servidores_do_judiciario_fazem_pressao_no_senado_e_vigilia_no_stf","status":"publish","type":"post","link":"https:\/\/blogs.correiobraziliense.com.br\/servidor\/servidores_do_judiciario_fazem_pressao_no_senado_e_vigilia_no_stf\/","title":{"rendered":"SERVIDORES DO JUDICI\u00c1RIO FAZEM PRESS\u00c3O NO SENADO E VIG\u00cdLIA NO STF"},"content":{"rendered":"<p>Categoria come\u00e7a hoje greve por tempo indeterminado <\/p>\n<p>O PLC 28\/15 , que trata da reposi\u00e7\u00e3o salarial dos  servidores do Poder Judici\u00e1rio da Uni\u00e3o, est\u00e1 na pauta do Plen\u00e1rio do  Senado Federal desta quarta-feira (10\/6). A sess\u00e3o plen\u00e1ria do est\u00e1 prevista para as 14 horas e o PLC 28 \u00e9 o quarto item. J\u00e1 o PLC 41, do  MPU, est\u00e1 na CCJ do Senado. <\/p>\n<p>No primeiro dia de  greve, o sindicato nacional da categoria (Sindjus) convoca os associados a participar de trabalho de  convencimento no Senado, \u00e0s 15 horas, e logo em seguida, \u00e0s 18 horas, de vig\u00edlia  no STF. <\/p>\n<p>Calend\u00e1rio da greve:Ter\u00e7a \u2013 9 de junho9h \u2013 trabalho da diretoria do Sindjus no Senado. <\/p>\n<p>12h \u2013 piquete nos locais de trabalho com arrast\u00f5es15h \u2013 trabalho no Senado com os servidores <\/p>\n<p>18h \u2013 Vig\u00edlia no STF com reuni\u00e3o de delegados sindicais durante a vig\u00edlia. <\/p>\n<p>Bras\u00edlia, 08h00 <\/p>\n","protected":false},"excerpt":{"rendered":"<p>Categoria come\u00e7a hoje greve por tempo indeterminado O PLC 28\/15 , que trata da reposi\u00e7\u00e3o salarial dos servidores do Poder Judici\u00e1rio da Uni\u00e3o, est\u00e1 na pauta do Plen\u00e1rio do Senado Federal desta quarta-feira (10\/6). A sess\u00e3o plen\u00e1ria do est\u00e1 prevista para as 14 horas e o PLC 28 \u00e9 o quarto item. J\u00e1 o PLC 41, do MPU, est\u00e1 na [&hellip;]<\/p>\n","protected":false},"author":27,"featured_media":0,"comment_status":"open","ping_status":"open","sticky":false,"template":"","format":"standard","meta":{"footnotes":""},"categories":[1],"tags":[],"class_list":["post-219","post","type-post","status-publish","format-standard","hentry","category-sem-categoria"],"_links":{"self":[{"href":"https:\/\/blogs.correiobraziliense.com.br\/servidor\/wp-json\/wp\/v2\/posts\/219","targetHints":{"allow":["GET"]}}],"collection":[{"href":"https:\/\/blogs.correiobraziliense.com.br\/servidor\/wp-json\/wp\/v2\/posts"}],"about":[{"href":"https:\/\/blogs.correiobraziliense.com.br\/servidor\/wp-json\/wp\/v2\/types\/post"}],"author":[{"embeddable":true,"href":"https:\/\/blogs.correiobraziliense.com.br\/servidor\/wp-json\/wp\/v2\/users\/27"}],"replies":[{"embeddable":true,"href":"https:\/\/blogs.correiobraziliense.com.br\/servidor\/wp-json\/wp\/v2\/comments?post=219"}],"version-history":[{"count":0,"href":"https:\/\/blogs.correiobraziliense.com.br\/servidor\/wp-json\/wp\/v2\/posts\/219\/revisions"}],"wp:attachment":[{"href":"https:\/\/blogs.correiobraziliense.com.br\/servidor\/wp-json\/wp\/v2\/media?parent=219"}],"wp:term":[{"taxonomy":"category","embeddable":true,"href":"https:\/\/blogs.correiobraziliense.com.br\/servidor\/wp-json\/wp\/v2\/categories?post=219"},{"taxonomy":"post_tag","embeddable":true,"href":"https:\/\/blogs.correiobraziliense.com.br\/servidor\/wp-json\/wp\/v2\/tags?post=219"}],"curies":[{"name":"wp","href":"https:\/\/api.w.org\/{rel}","templated":true}]}}