{"id":21847,"date":"2026-09-02T15:36:10","date_gmt":"2026-09-02T18:36:10","guid":{"rendered":"https:\/\/blogs.correiobraziliense.com.br\/servidor\/?p=21847"},"modified":"2026-09-02T15:36:11","modified_gmt":"2026-09-02T18:36:11","slug":"mais-de-110-entidades-pressionam-por-avanco-da-pec-dos-aposentados","status":"publish","type":"post","link":"https:\/\/blogs.correiobraziliense.com.br\/servidor\/mais-de-110-entidades-pressionam-por-avanco-da-pec-dos-aposentados\/","title":{"rendered":"Mais de 110 entidades pressionam por avan\u00e7o da PEC dos aposentados"},"content":{"rendered":"\n<p class=\"wp-block-paragraph\">Mais de 110 entidades representativas de servidores p\u00fablicos, aposentados e pensionistas assinaram a Carta de Bras\u00edlia em defesa do apensamento da PEC 6\/2024 \u00e0 PEC 555\/2006. O documento refor\u00e7a a press\u00e3o para que a C\u00e2mara dos Deputados avance na discuss\u00e3o sobre a diminui\u00e7\u00e3o da contribui\u00e7\u00e3o previdenci\u00e1ria de servidores aposentados.<\/p>\n\n\n\n<p class=\"wp-block-paragraph\">A mobiliza\u00e7\u00e3o ocorreu durante o 20\u00ba Encontro Nacional de Aposentados e Pensionistas do Servi\u00e7o P\u00fablico, promovido pelo Instituto Mosap em 12 de agosto, na C\u00e2mara dos Deputados. As entidades querem que o presidente da Casa, Hugo Motta (Republicanos-PB), d\u00ea andamento ao pedido de apensamento.&nbsp;<\/p>\n\n\n\n<p class=\"wp-block-paragraph\">A PEC 6\/2024, apresentada pelo deputado Cleber Verde (MDB-MA), prev\u00ea uma redu\u00e7\u00e3o gradual da contribui\u00e7\u00e3o previdenci\u00e1ria de aposentados e pensionistas vinculados aos regimes pr\u00f3prios de Previd\u00eancia. Pela proposta, a cobran\u00e7a diminui 10% ao ano a partir dos 66 anos para homens e dos 63 anos para mulheres, at\u00e9 chegar \u00e0 isen\u00e7\u00e3o total aos 75 anos.&nbsp;<\/p>\n\n\n\n<p class=\"wp-block-paragraph\">O texto tramita na C\u00e2mara desde 2024 e j\u00e1 recebeu diversos requerimentos para ser apensado \u00e0 PEC 555\/2006. A proposta mais antiga tamb\u00e9m trata da contribui\u00e7\u00e3o previdenci\u00e1ria de aposentados e pensionistas e j\u00e1 passou pelas comiss\u00f5es, estando pronta para an\u00e1lise do plen\u00e1rio.&nbsp;<\/p>\n\n\n\n<p class=\"wp-block-paragraph\">Para as entidades, juntar as duas propostas evitaria que a PEC 6\/2024 percorresse novamente todas as etapas de tramita\u00e7\u00e3o. A estrat\u00e9gia aproveitaria o est\u00e1gio mais avan\u00e7ado da PEC 555 e concentraria a discuss\u00e3o em uma mat\u00e9ria que trata do mesmo tema.&nbsp;<\/p>\n\n\n\n<p class=\"wp-block-paragraph\">A Carta de Bras\u00edlia afirma que o apensamento preservaria o debate acumulado ao longo de duas d\u00e9cadas e permitiria avan\u00e7ar na discuss\u00e3o sobre a redu\u00e7\u00e3o ou extin\u00e7\u00e3o da cobran\u00e7a. Entre as signat\u00e1rias est\u00e3o entidades como Sindireceita, Sindifisco Nacional, Fenajufe, Anfip, Anape, Sindilegis e Unafisco Nacional.&nbsp;<\/p>\n\n\n\n<p class=\"wp-block-paragraph\">Em maio, o<strong> <a href=\"https:\/\/blogs.correiobraziliense.com.br\/servidor\/pec-preve-reducao-gradual-da-contribuicao-de-servidores-aposentados\/\">Blog do Servidor<\/a><\/strong> mostrou os principais pontos da PEC 6\/2024 e a proposta de reduzir gradualmente a contribui\u00e7\u00e3o previdenci\u00e1ria de aposentados e pensionistas. Na \u00e9poca, a medida ainda avan\u00e7ava de forma isolada na C\u00e2mara. Agora, a mobiliza\u00e7\u00e3o das entidades busca unir a proposta \u00e0 PEC 555\/2006, que est\u00e1 em est\u00e1gio mais avan\u00e7ado de tramita\u00e7\u00e3o.\u00a0<\/p>\n\n\n\n<p class=\"wp-block-paragraph\">A PEC 6\/2024 ganhou for\u00e7a ao longo de 2026 justamente pela proposta de redu\u00e7\u00e3o escalonada da contribui\u00e7\u00e3o, considerada pelas entidades uma alternativa de transi\u00e7\u00e3o \u00e0 extin\u00e7\u00e3o imediata prevista na PEC 555. Em abril, representantes do movimento dos aposentados j\u00e1 haviam ampliado a articula\u00e7\u00e3o no Congresso para tentar viabilizar a uni\u00e3o das duas propostas.<\/p>\n\n\n\n<p class=\"wp-block-paragraph\">Apesar da mobiliza\u00e7\u00e3o, o apensamento ainda depende de decis\u00e3o da C\u00e2mara. A ficha de tramita\u00e7\u00e3o da PEC 6\/2024 registra pedidos apresentados por parlamentares desde 2024, mas a proposta ainda n\u00e3o foi incorporada \u00e0 PEC 555\/2006.<\/p>\n\n\n\n<p class=\"wp-block-paragraph\">A nova mobiliza\u00e7\u00e3o coloca novamente a contribui\u00e7\u00e3o previdenci\u00e1ria dos aposentados entre as pautas defendidas pelas entidades do funcionalismo e aumenta a press\u00e3o sobre a C\u00e2mara para destravar a discuss\u00e3o.<\/p>\n","protected":false},"excerpt":{"rendered":"<p>Carta pede que PEC 6\/2024 seja apensada a proposta de 2006, j\u00e1 pronta para vota\u00e7\u00e3o no plen\u00e1rio da C\u00e2mara<\/p>\n","protected":false},"author":172,"featured_media":21848,"comment_status":"open","ping_status":"closed","sticky":false,"template":"","format":"standard","meta":{"footnotes":""},"categories":[19506,19497,2719,19512],"tags":[345,1531,131,346,132,1579],"class_list":["post-21847","post","type-post","status-publish","format-standard","has-post-thumbnail","hentry","category-condicao-financeira","category-servico-publico","category-servidor","category-servidores-publicos","tag-aposentados","tag-camara-dos-deputados","tag-contribuicao","tag-pensionistas","tag-previdenciaria","tag-servidores-publicos"],"_links":{"self":[{"href":"https:\/\/blogs.correiobraziliense.com.br\/servidor\/wp-json\/wp\/v2\/posts\/21847","targetHints":{"allow":["GET"]}}],"collection":[{"href":"https:\/\/blogs.correiobraziliense.com.br\/servidor\/wp-json\/wp\/v2\/posts"}],"about":[{"href":"https:\/\/blogs.correiobraziliense.com.br\/servidor\/wp-json\/wp\/v2\/types\/post"}],"author":[{"embeddable":true,"href":"https:\/\/blogs.correiobraziliense.com.br\/servidor\/wp-json\/wp\/v2\/users\/172"}],"replies":[{"embeddable":true,"href":"https:\/\/blogs.correiobraziliense.com.br\/servidor\/wp-json\/wp\/v2\/comments?post=21847"}],"version-history":[{"count":2,"href":"https:\/\/blogs.correiobraziliense.com.br\/servidor\/wp-json\/wp\/v2\/posts\/21847\/revisions"}],"predecessor-version":[{"id":21850,"href":"https:\/\/blogs.correiobraziliense.com.br\/servidor\/wp-json\/wp\/v2\/posts\/21847\/revisions\/21850"}],"wp:featuredmedia":[{"embeddable":true,"href":"https:\/\/blogs.correiobraziliense.com.br\/servidor\/wp-json\/wp\/v2\/media\/21848"}],"wp:attachment":[{"href":"https:\/\/blogs.correiobraziliense.com.br\/servidor\/wp-json\/wp\/v2\/media?parent=21847"}],"wp:term":[{"taxonomy":"category","embeddable":true,"href":"https:\/\/blogs.correiobraziliense.com.br\/servidor\/wp-json\/wp\/v2\/categories?post=21847"},{"taxonomy":"post_tag","embeddable":true,"href":"https:\/\/blogs.correiobraziliense.com.br\/servidor\/wp-json\/wp\/v2\/tags?post=21847"}],"curies":[{"name":"wp","href":"https:\/\/api.w.org\/{rel}","templated":true}]}}