{"id":2184,"date":"2016-07-07T13:39:29","date_gmt":"2016-07-07T16:39:29","guid":{"rendered":"https:\/\/blogs.correiobraziliense.com.br\/servidor\/?p=2184"},"modified":"2016-07-08T10:25:44","modified_gmt":"2016-07-08T13:25:44","slug":"eduardo-cunha-renunciou","status":"publish","type":"post","link":"https:\/\/blogs.correiobraziliense.com.br\/servidor\/eduardo-cunha-renunciou\/","title":{"rendered":"Eduardo Cunha renunciou"},"content":{"rendered":"<p>O presidente afastado da C\u00e2mara, deputado Eduardo Cunha (PMDB\/RJ), em entrevista coletiva, anunciou sua ren\u00fancia.<\/p>\n<div><span style=\"font-family: georgia,serif;color: #000000;line-height: 22px\">Cunha estava afastado desde o dia 5 de maio, quando o Supremo Tribunal Federal (STF) decidiu por unanimidade suspender o mandato dele por tempo indeterminado.\u00a0<\/span><span style=\"font-family: georgia,serif;color: #000000;line-height: 22px\">Os ministros apontaram que Eduardo Cunha usou o cargo para prejudicar as investiga\u00e7\u00f5es da Lava Jato e o andamento do processo no Conselho de \u00c9tica, que recomendou a cassa\u00e7\u00e3o do mandato dele.<\/span><\/div>\n<div>\n<div class=\"gmail_default\">\u200b\u200b<\/div>\n<\/div>\n","protected":false},"excerpt":{"rendered":"<p>O presidente afastado da C\u00e2mara, deputado Eduardo Cunha (PMDB\/RJ), em entrevista coletiva, anunciou sua ren\u00fancia. Cunha estava afastado desde o dia 5 de maio, quando o Supremo Tribunal Federal (STF) decidiu por unanimidade suspender o mandato dele por tempo indeterminado.\u00a0Os ministros apontaram que Eduardo Cunha usou o cargo para prejudicar as investiga\u00e7\u00f5es da Lava Jato e o andamento do processo [&hellip;]<\/p>\n","protected":false},"author":27,"featured_media":0,"comment_status":"open","ping_status":"closed","sticky":false,"template":"","format":"standard","meta":{"footnotes":""},"categories":[1,2719],"tags":[61,1932,2716],"class_list":["post-2184","post","type-post","status-publish","format-standard","hentry","category-sem-categoria","category-servidor","tag-camara","tag-eduardo-cunha","tag-renuncia"],"_links":{"self":[{"href":"https:\/\/blogs.correiobraziliense.com.br\/servidor\/wp-json\/wp\/v2\/posts\/2184","targetHints":{"allow":["GET"]}}],"collection":[{"href":"https:\/\/blogs.correiobraziliense.com.br\/servidor\/wp-json\/wp\/v2\/posts"}],"about":[{"href":"https:\/\/blogs.correiobraziliense.com.br\/servidor\/wp-json\/wp\/v2\/types\/post"}],"author":[{"embeddable":true,"href":"https:\/\/blogs.correiobraziliense.com.br\/servidor\/wp-json\/wp\/v2\/users\/27"}],"replies":[{"embeddable":true,"href":"https:\/\/blogs.correiobraziliense.com.br\/servidor\/wp-json\/wp\/v2\/comments?post=2184"}],"version-history":[{"count":2,"href":"https:\/\/blogs.correiobraziliense.com.br\/servidor\/wp-json\/wp\/v2\/posts\/2184\/revisions"}],"predecessor-version":[{"id":2188,"href":"https:\/\/blogs.correiobraziliense.com.br\/servidor\/wp-json\/wp\/v2\/posts\/2184\/revisions\/2188"}],"wp:attachment":[{"href":"https:\/\/blogs.correiobraziliense.com.br\/servidor\/wp-json\/wp\/v2\/media?parent=2184"}],"wp:term":[{"taxonomy":"category","embeddable":true,"href":"https:\/\/blogs.correiobraziliense.com.br\/servidor\/wp-json\/wp\/v2\/categories?post=2184"},{"taxonomy":"post_tag","embeddable":true,"href":"https:\/\/blogs.correiobraziliense.com.br\/servidor\/wp-json\/wp\/v2\/tags?post=2184"}],"curies":[{"name":"wp","href":"https:\/\/api.w.org\/{rel}","templated":true}]}}