{"id":21833,"date":"2026-08-31T15:57:25","date_gmt":"2026-08-31T18:57:25","guid":{"rendered":"https:\/\/blogs.correiobraziliense.com.br\/servidor\/?p=21833"},"modified":"2026-08-31T15:57:26","modified_gmt":"2026-08-31T18:57:26","slug":"recesso-de-fim-de-ano-tera-horas-a-compensar-para-servidor-federal","status":"publish","type":"post","link":"https:\/\/blogs.correiobraziliense.com.br\/servidor\/recesso-de-fim-de-ano-tera-horas-a-compensar-para-servidor-federal\/","title":{"rendered":"Recesso de fim de ano ter\u00e1 horas a compensar para servidor federal"},"content":{"rendered":"\n<p class=\"wp-block-paragraph\">O governo federal autorizou, no in\u00edcio de agosto, o recesso de fim de ano para servidores p\u00fablicos federais, empregados p\u00fablicos, contratados tempor\u00e1rios e estagi\u00e1rios. A medida vale para \u00f3rg\u00e3os e entidades da administra\u00e7\u00e3o p\u00fablica federal direta, aut\u00e1rquica e fundacional.<\/p>\n\n\n\n<p class=\"wp-block-paragraph\">O Minist\u00e9rio da Gest\u00e3o e da Inova\u00e7\u00e3o em Servi\u00e7os P\u00fablicos (MGI) publicou a <a href=\"https:\/\/www.in.gov.br\/web\/dou\/-\/portaria-srt\/mgi-n-6.342-de-4-de-agosto-de-2026-723816371\">Portaria SRT\/MGI n\u00ba 6.342<\/a> no Di\u00e1rio Oficial da Uni\u00e3o. O texto prev\u00ea dois per\u00edodos de recesso: de 21 a 25 de dezembro de 2026 e de 28 de dezembro de 2026 a 1\u00ba de janeiro de 2027.<\/p>\n\n\n\n<p class=\"wp-block-paragraph\">Vale lembrar que a ades\u00e3o \u00e9 facultativa. Quem escolher o recesso dever\u00e1 se revezar com os demais servidores para garantir a continuidade dos servi\u00e7os, principalmente o atendimento ao p\u00fablico. Quem n\u00e3o quiser aderir mant\u00e9m a jornada normal de trabalho.<\/p>\n\n\n\n<h2 class=\"wp-block-heading\"><strong>Como ser\u00e1 a compensa\u00e7\u00e3o<\/strong><\/h2>\n\n\n\n<p class=\"wp-block-paragraph\">Al\u00e9m disso, as horas de recesso dever\u00e3o ser compensadas entre 1\u00ba de outubro de 2026 e 31 de maio de 2027.<\/p>\n\n\n\n<p class=\"wp-block-paragraph\">Os servidores que trabalham presencialmente e n\u00e3o participam do Programa de Gest\u00e3o e Desempenho (PGD) poder\u00e3o antecipar ou estender a jornada di\u00e1ria para compensar as horas. J\u00e1 os participantes do PGD, inclusive em teletrabalho, dever\u00e3o cumprir as entregas previstas no plano de trabalho equivalentes ao per\u00edodo de recesso.<\/p>\n\n\n\n<p class=\"wp-block-paragraph\">A compensa\u00e7\u00e3o poder\u00e1 acrescentar at\u00e9 duas horas por dia \u00e0 jornada de servidores, empregados p\u00fablicos e contratados tempor\u00e1rios. Para estagi\u00e1rios, o limite ser\u00e1 de uma hora di\u00e1ria.<\/p>\n\n\n\n<p class=\"wp-block-paragraph\">Quem n\u00e3o compensar as horas dentro do prazo poder\u00e1 ter desconto proporcional na remunera\u00e7\u00e3o.<\/p>\n\n\n\n<p class=\"wp-block-paragraph\">A portaria j\u00e1 est\u00e1 em vigor e estabelece as regras para o recesso de Natal e Ano Novo deste ano.<\/p>\n","protected":false},"excerpt":{"rendered":"<p>Governo definiu dois per\u00edodos de folga, mas quem aderir ter\u00e1 de compensar as horas at\u00e9 31 de maio de 2027<\/p>\n","protected":false},"author":172,"featured_media":21302,"comment_status":"open","ping_status":"closed","sticky":false,"template":"","format":"standard","meta":{"footnotes":""},"categories":[2719],"tags":[],"class_list":["post-21833","post","type-post","status-publish","format-standard","has-post-thumbnail","hentry","category-servidor"],"_links":{"self":[{"href":"https:\/\/blogs.correiobraziliense.com.br\/servidor\/wp-json\/wp\/v2\/posts\/21833","targetHints":{"allow":["GET"]}}],"collection":[{"href":"https:\/\/blogs.correiobraziliense.com.br\/servidor\/wp-json\/wp\/v2\/posts"}],"about":[{"href":"https:\/\/blogs.correiobraziliense.com.br\/servidor\/wp-json\/wp\/v2\/types\/post"}],"author":[{"embeddable":true,"href":"https:\/\/blogs.correiobraziliense.com.br\/servidor\/wp-json\/wp\/v2\/users\/172"}],"replies":[{"embeddable":true,"href":"https:\/\/blogs.correiobraziliense.com.br\/servidor\/wp-json\/wp\/v2\/comments?post=21833"}],"version-history":[{"count":3,"href":"https:\/\/blogs.correiobraziliense.com.br\/servidor\/wp-json\/wp\/v2\/posts\/21833\/revisions"}],"predecessor-version":[{"id":21843,"href":"https:\/\/blogs.correiobraziliense.com.br\/servidor\/wp-json\/wp\/v2\/posts\/21833\/revisions\/21843"}],"wp:featuredmedia":[{"embeddable":true,"href":"https:\/\/blogs.correiobraziliense.com.br\/servidor\/wp-json\/wp\/v2\/media\/21302"}],"wp:attachment":[{"href":"https:\/\/blogs.correiobraziliense.com.br\/servidor\/wp-json\/wp\/v2\/media?parent=21833"}],"wp:term":[{"taxonomy":"category","embeddable":true,"href":"https:\/\/blogs.correiobraziliense.com.br\/servidor\/wp-json\/wp\/v2\/categories?post=21833"},{"taxonomy":"post_tag","embeddable":true,"href":"https:\/\/blogs.correiobraziliense.com.br\/servidor\/wp-json\/wp\/v2\/tags?post=21833"}],"curies":[{"name":"wp","href":"https:\/\/api.w.org\/{rel}","templated":true}]}}