{"id":21771,"date":"2026-08-07T10:34:51","date_gmt":"2026-08-07T13:34:51","guid":{"rendered":"https:\/\/blogs.correiobraziliense.com.br\/servidor\/?p=21771"},"modified":"2026-08-07T10:34:51","modified_gmt":"2026-08-07T13:34:51","slug":"associacao-manifesta-preocupacao-com-mudancas-no-grupo-de-educacao-fiscal-do-df","status":"publish","type":"post","link":"https:\/\/blogs.correiobraziliense.com.br\/servidor\/associacao-manifesta-preocupacao-com-mudancas-no-grupo-de-educacao-fiscal-do-df\/","title":{"rendered":"Associa\u00e7\u00e3o manifesta preocupa\u00e7\u00e3o com mudan\u00e7as no Grupo de Educa\u00e7\u00e3o Fiscal do DF"},"content":{"rendered":"<h4><em>Entidade afirma que poss\u00edvel mudan\u00e7a pode interromper trabalho desenvolvido desde 2022 e pede que Secretaria de Economia apresente justificativas para eventual exonera\u00e7\u00e3o<\/em><\/h4>\n<p><em>Por Giovanna Rodrigues\u00a0\u2014\u00a0<\/em>A Associa\u00e7\u00e3o dos Auditores Fiscais da Receita do Distrito Federal (AAFIT) manifestou preocupa\u00e7\u00e3o com a poss\u00edvel exonera\u00e7\u00e3o do coordenador-geral do Grupo de Educa\u00e7\u00e3o Fiscal do Distrito Federal (GEFE\/DF), professor C\u00edcero Roberto de Melo, por decis\u00e3o pol\u00edtica da Secretaria de Economia do DF.<\/p>\n<p>A entidade alerta para o risco de descontinuidades das a\u00e7\u00f5es desenvolvidas pelo grupo. Segundo a AAFIT, C\u00edcero est\u00e1 \u00e0 frente do Programa e do Grupo de Educa\u00e7\u00e3o Fiscal do Distrito Federal desde 2022, per\u00edodo em que teria consolidado um trabalho considerado pela associa\u00e7\u00e3o como exitoso e de relev\u00e2ncia estrat\u00e9gica para a forma\u00e7\u00e3o cidad\u00e3 e o fortalecimento da consci\u00eancia fiscal.<\/p>\n<p>A preocupa\u00e7\u00e3o apresentada pela AAFIT tamb\u00e9m envolve a atua\u00e7\u00e3o nacional do professor. Desde 2024, C\u00edcero Roberto de Melo exerce a fun\u00e7\u00e3o de coordenador-geral do Grupo de Trabalho GT 66 \u2013 Educa\u00e7\u00e3o Fiscal, vinculado ao Conselho Nacional de Pol\u00edtica Fazend\u00e1ria (CONFAZ), no \u00e2mbito do Minist\u00e9rio da Fazenda.<\/p>\n<p>Nessa fun\u00e7\u00e3o, de acordo com a associa\u00e7\u00e3o, o professor articula iniciativas relacionadas \u00e0 Educa\u00e7\u00e3o Fiscal entre os estados brasileiros, envolvendo Secretarias Estaduais de Educa\u00e7\u00e3o e de Fazenda. A atua\u00e7\u00e3o tamb\u00e9m contribui para o desenvolvimento de pol\u00edticas p\u00fablicas de Educa\u00e7\u00e3o Fiscal em \u00e2mbito nacional.<\/p>\n<p>A poss\u00edvel mudan\u00e7a ocorre ainda em um per\u00edodo importante para a Educa\u00e7\u00e3o Fiscal no pa\u00eds, quando o ensino est\u00e1 passando pelo processo de implementa\u00e7\u00e3o da Reforma Tribut\u00e1ria, que reconhece a Educa\u00e7\u00e3o Fiscal como meio essencial para a maior compreens\u00e3o do valor social.<\/p>\n<p>A AAFIT afirma ainda que mudan\u00e7as na condu\u00e7\u00e3o de pol\u00edticas p\u00fablicas dessa natureza n\u00e3o deveriam ser determinadas exclusivamente por crit\u00e9rios pol\u00edticos. A entidade defende que sejam considerados aspectos t\u00e9cnicos, institucionais e os resultados alcan\u00e7ados pelo programa.<\/p>\n<p>A associa\u00e7\u00e3o tamb\u00e9m apresenta uma posi\u00e7\u00e3o espec\u00edfica sobre uma eventual troca na coordena\u00e7\u00e3o. Caso a Secretaria de Economia decida manter a altera\u00e7\u00e3o, a associa\u00e7\u00e3o defende que a fun\u00e7\u00e3o seja ocupada por um Auditor Fiscal da Carreira de Auditoria Tribut\u00e1ria do Distrito Federal, medida que ajudaria a garantir a integra\u00e7\u00e3o entre as a\u00e7\u00f5es de Educa\u00e7\u00e3o Fiscal e as pol\u00edticas tribut\u00e1rias do DF.<\/p>\n<p>A entidade se posiciona contrariamente \u00e0 exonera\u00e7\u00e3o de C\u00edcero Roberto de Melo e solicita \u00e0 Secretaria de Economia a revoga\u00e7\u00e3o do ato. Caso a decis\u00e3o seja mantida, a associa\u00e7\u00e3o pede \u00e0 Secret\u00e1ria que apresente de forma formal e p\u00fablica as justificativas que fundamentaram a medida.<\/p>\n<p>A AAFIT afirma ainda que continuar\u00e1 defendendo a Educa\u00e7\u00e3o Fiscal como instrumento de cidadania, transpar\u00eancia e justi\u00e7a fiscal, al\u00e9m de mecanismo de fortalecimento da rela\u00e7\u00e3o entre o poder p\u00fablico e a sociedade.<\/p>\n","protected":false},"excerpt":{"rendered":"<p>Entidade afirma que poss\u00edvel mudan\u00e7a pode interromper trabalho desenvolvido desde 2022 e pede que Secretaria de Economia apresente justificativas para eventual exonera\u00e7\u00e3o Por Giovanna Rodrigues\u00a0\u2014\u00a0A Associa\u00e7\u00e3o dos Auditores Fiscais da Receita do Distrito Federal (AAFIT) manifestou preocupa\u00e7\u00e3o com a poss\u00edvel exonera\u00e7\u00e3o do coordenador-geral do Grupo de Educa\u00e7\u00e3o Fiscal do Distrito Federal (GEFE\/DF), professor C\u00edcero Roberto de Melo, por decis\u00e3o pol\u00edtica [&hellip;]<\/p>\n","protected":false},"author":164,"featured_media":21773,"comment_status":"open","ping_status":"closed","sticky":false,"template":"","format":"standard","meta":{"footnotes":""},"categories":[2719],"tags":[68,19565],"class_list":["post-21771","post","type-post","status-publish","format-standard","has-post-thumbnail","hentry","category-servidor","tag-df","tag-educacao-fiscal"],"_links":{"self":[{"href":"https:\/\/blogs.correiobraziliense.com.br\/servidor\/wp-json\/wp\/v2\/posts\/21771","targetHints":{"allow":["GET"]}}],"collection":[{"href":"https:\/\/blogs.correiobraziliense.com.br\/servidor\/wp-json\/wp\/v2\/posts"}],"about":[{"href":"https:\/\/blogs.correiobraziliense.com.br\/servidor\/wp-json\/wp\/v2\/types\/post"}],"author":[{"embeddable":true,"href":"https:\/\/blogs.correiobraziliense.com.br\/servidor\/wp-json\/wp\/v2\/users\/164"}],"replies":[{"embeddable":true,"href":"https:\/\/blogs.correiobraziliense.com.br\/servidor\/wp-json\/wp\/v2\/comments?post=21771"}],"version-history":[{"count":2,"href":"https:\/\/blogs.correiobraziliense.com.br\/servidor\/wp-json\/wp\/v2\/posts\/21771\/revisions"}],"predecessor-version":[{"id":21774,"href":"https:\/\/blogs.correiobraziliense.com.br\/servidor\/wp-json\/wp\/v2\/posts\/21771\/revisions\/21774"}],"wp:featuredmedia":[{"embeddable":true,"href":"https:\/\/blogs.correiobraziliense.com.br\/servidor\/wp-json\/wp\/v2\/media\/21773"}],"wp:attachment":[{"href":"https:\/\/blogs.correiobraziliense.com.br\/servidor\/wp-json\/wp\/v2\/media?parent=21771"}],"wp:term":[{"taxonomy":"category","embeddable":true,"href":"https:\/\/blogs.correiobraziliense.com.br\/servidor\/wp-json\/wp\/v2\/categories?post=21771"},{"taxonomy":"post_tag","embeddable":true,"href":"https:\/\/blogs.correiobraziliense.com.br\/servidor\/wp-json\/wp\/v2\/tags?post=21771"}],"curies":[{"name":"wp","href":"https:\/\/api.w.org\/{rel}","templated":true}]}}