{"id":21755,"date":"2026-07-14T17:56:33","date_gmt":"2026-07-14T20:56:33","guid":{"rendered":"https:\/\/blogs.correiobraziliense.com.br\/servidor\/?p=21755"},"modified":"2026-07-14T18:36:29","modified_gmt":"2026-07-14T21:36:29","slug":"enap-divulga-atividades-selecionadas-para-a-semana-de-inovacao-2026","status":"publish","type":"post","link":"https:\/\/blogs.correiobraziliense.com.br\/servidor\/enap-divulga-atividades-selecionadas-para-a-semana-de-inovacao-2026\/","title":{"rendered":"Enap divulga atividades selecionadas para a Semana de Inova\u00e7\u00e3o 2026"},"content":{"rendered":"<p><span style=\"font-weight: 400\"><strong>Por Nathallie Lopes \u2014<\/strong> Os servidores p\u00fablicos que inscreveram propostas para a Semana de Inova\u00e7\u00e3o 2026 j\u00e1 podem conferir o resultado da Chamada P\u00fablica. A Escola Nacional de Administra\u00e7\u00e3o P\u00fablica (Enap) divulgou a lista das 189 atividades selecionadas para compor a programa\u00e7\u00e3o oficial do evento, marcado para 10 a 12 de novembro, em Bras\u00edlia, com participa\u00e7\u00e3o presencial e on-line.<\/span><\/p>\n<p><span style=\"font-weight: 400\">Nesta edi\u00e7\u00e3o, a organiza\u00e7\u00e3o recebeu 896 propostas, o maior n\u00famero j\u00e1 registrado pela Semana de Inova\u00e7\u00e3o desde sua cria\u00e7\u00e3o. Ap\u00f3s o processo de curadoria, foram escolhidas 113 atividades presenciais e 76 virtuais, que abordar\u00e3o temas relacionados \u00e0 inova\u00e7\u00e3o no setor p\u00fablico.<\/span><\/p>\n<p><span style=\"font-weight: 400\">Segundo a Enap, a sele\u00e7\u00e3o foi realizada por uma comiss\u00e3o formada por mais de 40 especialistas, entre servidores da escola, representantes das institui\u00e7\u00f5es correalizadoras e parceiros do evento. As atividades presenciais priorizam experi\u00eancias colaborativas e pr\u00e1ticas, enquanto a programa\u00e7\u00e3o on-line contar\u00e1 com oficinas, palestras e mesas-redondas transmitidas ao vivo.<\/span><\/p>\n<p><span style=\"font-weight: 400\">Com o tema &#8220;O Futuro \u00e9 Coletivo: colaborar para imaginar e realizar futuros sustent\u00e1veis e inclusivos&#8221;, a 12\u00aa edi\u00e7\u00e3o da Semana de Inova\u00e7\u00e3o ter\u00e1 debates organizados em cinco eixos tem\u00e1ticos: colabora\u00e7\u00e3o e participa\u00e7\u00e3o democr\u00e1tica; tecnologias, dados e humaniza\u00e7\u00e3o do futuro; a\u00e7\u00e3o clim\u00e1tica, justi\u00e7a e regenera\u00e7\u00e3o; capacidades do Estado para o futuro; e territ\u00f3rios e comunidades como sementes do amanh\u00e3.<\/span><\/p>\n<p><span style=\"font-weight: 400\">Os participantes podem consultar a rela\u00e7\u00e3o completa das atividades aprovadas nas modalidades presencial e <\/span><a href=\"https:\/\/semanadeinovacao.enap.gov.br\/\"><span style=\"font-weight: 400\">on-line nos canais oficiais da Semana de Inova\u00e7\u00e3o<\/span><\/a><span style=\"font-weight: 400\">.<\/span><\/p>\n","protected":false},"excerpt":{"rendered":"<p>Ao todo, 189 propostas foram escolhidas para integrar a programa\u00e7\u00e3o oficial do evento, que ocorre em novembro<\/p>\n","protected":false},"author":172,"featured_media":21759,"comment_status":"open","ping_status":"closed","sticky":false,"template":"","format":"standard","meta":{"footnotes":""},"categories":[19541,19540,19497,2719,19512],"tags":[463,308,781,19564,1579],"class_list":["post-21755","post","type-post","status-publish","format-standard","has-post-thumbnail","hentry","category-enap","category-evento","category-servico-publico","category-servidor","category-servidores-publicos","tag-atividades","tag-enap","tag-inscricoes","tag-semana-de-inovacao-2026","tag-servidores-publicos"],"_links":{"self":[{"href":"https:\/\/blogs.correiobraziliense.com.br\/servidor\/wp-json\/wp\/v2\/posts\/21755","targetHints":{"allow":["GET"]}}],"collection":[{"href":"https:\/\/blogs.correiobraziliense.com.br\/servidor\/wp-json\/wp\/v2\/posts"}],"about":[{"href":"https:\/\/blogs.correiobraziliense.com.br\/servidor\/wp-json\/wp\/v2\/types\/post"}],"author":[{"embeddable":true,"href":"https:\/\/blogs.correiobraziliense.com.br\/servidor\/wp-json\/wp\/v2\/users\/172"}],"replies":[{"embeddable":true,"href":"https:\/\/blogs.correiobraziliense.com.br\/servidor\/wp-json\/wp\/v2\/comments?post=21755"}],"version-history":[{"count":3,"href":"https:\/\/blogs.correiobraziliense.com.br\/servidor\/wp-json\/wp\/v2\/posts\/21755\/revisions"}],"predecessor-version":[{"id":21760,"href":"https:\/\/blogs.correiobraziliense.com.br\/servidor\/wp-json\/wp\/v2\/posts\/21755\/revisions\/21760"}],"wp:featuredmedia":[{"embeddable":true,"href":"https:\/\/blogs.correiobraziliense.com.br\/servidor\/wp-json\/wp\/v2\/media\/21759"}],"wp:attachment":[{"href":"https:\/\/blogs.correiobraziliense.com.br\/servidor\/wp-json\/wp\/v2\/media?parent=21755"}],"wp:term":[{"taxonomy":"category","embeddable":true,"href":"https:\/\/blogs.correiobraziliense.com.br\/servidor\/wp-json\/wp\/v2\/categories?post=21755"},{"taxonomy":"post_tag","embeddable":true,"href":"https:\/\/blogs.correiobraziliense.com.br\/servidor\/wp-json\/wp\/v2\/tags?post=21755"}],"curies":[{"name":"wp","href":"https:\/\/api.w.org\/{rel}","templated":true}]}}