{"id":21749,"date":"2026-07-13T17:24:27","date_gmt":"2026-07-13T20:24:27","guid":{"rendered":"https:\/\/blogs.correiobraziliense.com.br\/servidor\/?p=21749"},"modified":"2026-07-13T17:24:27","modified_gmt":"2026-07-13T20:24:27","slug":"governo-federal-libera-novas-nomeacoes-para-inss-mre-previc-e-ibc","status":"publish","type":"post","link":"https:\/\/blogs.correiobraziliense.com.br\/servidor\/governo-federal-libera-novas-nomeacoes-para-inss-mre-previc-e-ibc\/","title":{"rendered":"Governo Federal libera novas nomea\u00e7\u00f5es para INSS, MRE, Previc e IBC"},"content":{"rendered":"<p><span style=\"font-weight: 400\"><strong>Por Nathallie Lopes \u2014<\/strong> Os candidatos aprovados em concursos para o Instituto Nacional do Seguro Social (INSS), o Minist\u00e9rio das Rela\u00e7\u00f5es Exteriores (MRE), a Superintend\u00eancia Nacional de Previd\u00eancia Complementar (Previc) e o Instituto Benjamin Constant (IBC) deram mais um passo rumo \u00e0 posse. O governo federal publicou os atos que autorizam a nomea\u00e7\u00e3o de 219 aprovados, permitindo que os \u00f3rg\u00e3os avancem com as convoca\u00e7\u00f5es.<\/span><\/p>\n<p><span style=\"font-weight: 400\">A maior parte das autoriza\u00e7\u00f5es contempla o INSS, que recebeu sinal verde para nomear 160 analistas do seguro social. As vagas s\u00e3o destinadas a candidatos aprovados na segunda edi\u00e7\u00e3o do Concurso P\u00fablico Nacional Unificado (CPNU 2).<\/span><\/p>\n<p><span style=\"font-weight: 400\">Tamb\u00e9m foram autorizadas 33 nomea\u00e7\u00f5es para o cargo de oficial de chancelaria do Minist\u00e9rio das Rela\u00e7\u00f5es Exteriores. J\u00e1 a Previc poder\u00e1 convocar 11 aprovados, distribu\u00eddos entre os cargos de especialista em previd\u00eancia complementar e analista administrativo. Os dois \u00f3rg\u00e3os participaram da primeira edi\u00e7\u00e3o do Concurso P\u00fablico Nacional Unificado.<\/span><\/p>\n<p><span style=\"font-weight: 400\">Al\u00e9m disso, o Instituto Benjamin Constant foi autorizado a nomear 15 candidatos aprovados em seu concurso. As vagas s\u00e3o para professores da carreira de Ensino B\u00e1sico, T\u00e9cnico e Tecnol\u00f3gico, al\u00e9m de cargos nas \u00e1reas de tecnologia da informa\u00e7\u00e3o.<\/span><\/p>\n<p><span style=\"font-weight: 400\">A autoriza\u00e7\u00e3o foi publicada por meio dos Decretos n\u00ba 13.063 e n\u00ba 13.064 e da Portaria MGI n\u00ba 5.624. Na pr\u00e1tica, a medida permite que os \u00f3rg\u00e3os iniciem as nomea\u00e7\u00f5es, mas a convoca\u00e7\u00e3o dos aprovados ainda depende da publica\u00e7\u00e3o dos atos individuais por cada institui\u00e7\u00e3o, al\u00e9m da confirma\u00e7\u00e3o de disponibilidade or\u00e7ament\u00e1ria e do cumprimento dos requisitos previstos em lei.<\/span><\/p>\n","protected":false},"excerpt":{"rendered":"<p>Ao todo, 219 aprovados poder\u00e3o ser convocados ap\u00f3s autoriza\u00e7\u00e3o publicada pelo Minist\u00e9rio da Gest\u00e3o<\/p>\n","protected":false},"author":172,"featured_media":21751,"comment_status":"open","ping_status":"closed","sticky":false,"template":"","format":"standard","meta":{"footnotes":""},"categories":[19524,19497,2719,19512],"tags":[234,13233,19563,19562,11,2126,14941,4978],"class_list":["post-21749","post","type-post","status-publish","format-standard","has-post-thumbnail","hentry","category-governo-federal","category-servico-publico","category-servidor","category-servidores-publicos","tag-aprovados","tag-convocacoes","tag-cpnu","tag-ibc","tag-inss","tag-mre","tag-noemacao","tag-previc"],"_links":{"self":[{"href":"https:\/\/blogs.correiobraziliense.com.br\/servidor\/wp-json\/wp\/v2\/posts\/21749","targetHints":{"allow":["GET"]}}],"collection":[{"href":"https:\/\/blogs.correiobraziliense.com.br\/servidor\/wp-json\/wp\/v2\/posts"}],"about":[{"href":"https:\/\/blogs.correiobraziliense.com.br\/servidor\/wp-json\/wp\/v2\/types\/post"}],"author":[{"embeddable":true,"href":"https:\/\/blogs.correiobraziliense.com.br\/servidor\/wp-json\/wp\/v2\/users\/172"}],"replies":[{"embeddable":true,"href":"https:\/\/blogs.correiobraziliense.com.br\/servidor\/wp-json\/wp\/v2\/comments?post=21749"}],"version-history":[{"count":4,"href":"https:\/\/blogs.correiobraziliense.com.br\/servidor\/wp-json\/wp\/v2\/posts\/21749\/revisions"}],"predecessor-version":[{"id":21754,"href":"https:\/\/blogs.correiobraziliense.com.br\/servidor\/wp-json\/wp\/v2\/posts\/21749\/revisions\/21754"}],"wp:featuredmedia":[{"embeddable":true,"href":"https:\/\/blogs.correiobraziliense.com.br\/servidor\/wp-json\/wp\/v2\/media\/21751"}],"wp:attachment":[{"href":"https:\/\/blogs.correiobraziliense.com.br\/servidor\/wp-json\/wp\/v2\/media?parent=21749"}],"wp:term":[{"taxonomy":"category","embeddable":true,"href":"https:\/\/blogs.correiobraziliense.com.br\/servidor\/wp-json\/wp\/v2\/categories?post=21749"},{"taxonomy":"post_tag","embeddable":true,"href":"https:\/\/blogs.correiobraziliense.com.br\/servidor\/wp-json\/wp\/v2\/tags?post=21749"}],"curies":[{"name":"wp","href":"https:\/\/api.w.org\/{rel}","templated":true}]}}