{"id":21746,"date":"2026-07-10T21:28:56","date_gmt":"2026-07-11T00:28:56","guid":{"rendered":"https:\/\/blogs.correiobraziliense.com.br\/servidor\/?p=21746"},"modified":"2026-07-10T21:29:05","modified_gmt":"2026-07-11T00:29:05","slug":"movimentacao-de-analistas-tecnicos-do-executivo-tera-regras-transitorias","status":"publish","type":"post","link":"https:\/\/blogs.correiobraziliense.com.br\/servidor\/movimentacao-de-analistas-tecnicos-do-executivo-tera-regras-transitorias\/","title":{"rendered":"Movimenta\u00e7\u00e3o de analistas t\u00e9cnicos do Executivo ter\u00e1 regras transit\u00f3rias"},"content":{"rendered":"<p><strong>Por Nathallie Lopes \u2014<\/strong>\u00a0<span style=\"font-weight: 400\">O Minist\u00e9rio da Gest\u00e3o e da Inova\u00e7\u00e3o em Servi\u00e7os P\u00fablicos (MGI) definiu regras que v\u00e3o orientar, de forma tempor\u00e1ria, a movimenta\u00e7\u00e3o de servidores da carreira de Analista T\u00e9cnico do Poder Executivo (ATPE). Na pr\u00e1tica, a medida estabelece como ser\u00e3o analisados os pedidos de mudan\u00e7a de exerc\u00edcio at\u00e9 que seja publicada a regulamenta\u00e7\u00e3o definitiva sobre a mobilidade da carreira.<\/span><\/p>\n<p><span style=\"font-weight: 400\">Segundo o minist\u00e9rio, a ado\u00e7\u00e3o das regras transit\u00f3rias tem como objetivo assegurar seguran\u00e7a jur\u00eddica, uniformidade e transpar\u00eancia na an\u00e1lise das solicita\u00e7\u00f5es. Em resposta ao <\/span><b>Correio<\/b><span style=\"font-weight: 400\">, a pasta explicou que, embora a carreira tenha natureza transversal (permitindo a atua\u00e7\u00e3o dos servidores em diferentes \u00f3rg\u00e3os da administra\u00e7\u00e3o p\u00fablica federal), a gest\u00e3o da for\u00e7a de trabalho precisa considerar o interesse p\u00fablico, a continuidade dos servi\u00e7os e as necessidades institucionais de cada \u00f3rg\u00e3o.<\/span><\/p>\n<p><span style=\"font-weight: 400\">Enquanto a regulamenta\u00e7\u00e3o permanente n\u00e3o \u00e9 conclu\u00edda, as movimenta\u00e7\u00f5es volunt\u00e1rias ocorrer\u00e3o, prioritariamente, por meio do Programa de Permuta, institu\u00eddo pela Portaria DICAT\/SE\/MGI n\u00ba 4.443, de 27 de maio de 2026.<\/span><\/p>\n<p><span style=\"font-weight: 400\">Na pr\u00e1tica, o programa permite que dois servidores da carreira troquem seus locais de exerc\u00edcio, desde que haja concord\u00e2ncia dos \u00f3rg\u00e3os envolvidos e dos pr\u00f3prios servidores. A participa\u00e7\u00e3o \u00e9 aberta para todos os ocupantes do cargo de ATPE, inclusive aqueles que ainda est\u00e3o em est\u00e1gio probat\u00f3rio.<\/span><\/p>\n<p><span style=\"font-weight: 400\">Para que a permuta seja autorizada, o \u00f3rg\u00e3o de destino dever\u00e1 encaminhar um pedido \u00e0 Secretaria-Executiva do MGI. O processo dever\u00e1 conter a manifesta\u00e7\u00e3o favor\u00e1vel dos \u00f3rg\u00e3os participantes, a identifica\u00e7\u00e3o dos servidores que far\u00e3o a troca e a garantia de que a movimenta\u00e7\u00e3o n\u00e3o causar\u00e1 preju\u00edzo \u00e0s atividades institucionais nem ao desempenho das atribui\u00e7\u00f5es do cargo.\u00a0<\/span><\/p>\n<p><span style=\"font-weight: 400\">As regras tamb\u00e9m disciplinam a an\u00e1lise de pedidos de cess\u00e3o e requisi\u00e7\u00e3o durante o per\u00edodo de transi\u00e7\u00e3o. Nesses casos, a avalia\u00e7\u00e3o ficar\u00e1 a cargo da Diretoria de Carreiras Transversais (DICAT), vinculada ao MGI, observando os crit\u00e9rios previstos na legisla\u00e7\u00e3o.<\/span><\/p>\n<p><span style=\"font-weight: 400\">De acordo com dados do Painel Estat\u00edstico de Pessoal (PEP), o governo federal contava com 4.619 servidores ativos na carreira de Analista T\u00e9cnico do Poder Executivo Federal em maio de 2026.\u00a0<\/span><\/p>\n<p><span style=\"font-weight: 400\">O MGI informou ainda por meio de nota que a regulamenta\u00e7\u00e3o definitiva sobre a mobilidade da carreira est\u00e1 em elabora\u00e7\u00e3o, mas ainda n\u00e3o h\u00e1 previs\u00e3o para a publica\u00e7\u00e3o das regras permanentes. At\u00e9 l\u00e1, as normas transit\u00f3rias servir\u00e3o de refer\u00eancia para a an\u00e1lise dos pedidos de movimenta\u00e7\u00e3o, com o objetivo de oferecer maior previsibilidade tanto aos servidores quanto aos \u00f3rg\u00e3os da administra\u00e7\u00e3o p\u00fablica federal.<\/span><\/p>\n","protected":false},"excerpt":{"rendered":"<p>Medida vale at\u00e9 a regulamenta\u00e7\u00e3o definitiva e busca dar mais seguran\u00e7a aos pedidos de mudan\u00e7a de exerc\u00edcio<\/p>\n","protected":false},"author":172,"featured_media":12405,"comment_status":"open","ping_status":"closed","sticky":false,"template":"","format":"standard","meta":{"footnotes":""},"categories":[19524,19497,2719,19512],"tags":[19560,19520,19561,7622,751,1579],"class_list":["post-21746","post","type-post","status-publish","format-standard","has-post-thumbnail","hentry","category-governo-federal","category-servico-publico","category-servidor","category-servidores-publicos","tag-analista-tecnico-do-poder-executivo","tag-mgi","tag-mobilidade-de-carreira","tag-movimentacao","tag-regras","tag-servidores-publicos"],"_links":{"self":[{"href":"https:\/\/blogs.correiobraziliense.com.br\/servidor\/wp-json\/wp\/v2\/posts\/21746","targetHints":{"allow":["GET"]}}],"collection":[{"href":"https:\/\/blogs.correiobraziliense.com.br\/servidor\/wp-json\/wp\/v2\/posts"}],"about":[{"href":"https:\/\/blogs.correiobraziliense.com.br\/servidor\/wp-json\/wp\/v2\/types\/post"}],"author":[{"embeddable":true,"href":"https:\/\/blogs.correiobraziliense.com.br\/servidor\/wp-json\/wp\/v2\/users\/172"}],"replies":[{"embeddable":true,"href":"https:\/\/blogs.correiobraziliense.com.br\/servidor\/wp-json\/wp\/v2\/comments?post=21746"}],"version-history":[{"count":2,"href":"https:\/\/blogs.correiobraziliense.com.br\/servidor\/wp-json\/wp\/v2\/posts\/21746\/revisions"}],"predecessor-version":[{"id":21748,"href":"https:\/\/blogs.correiobraziliense.com.br\/servidor\/wp-json\/wp\/v2\/posts\/21746\/revisions\/21748"}],"wp:featuredmedia":[{"embeddable":true,"href":"https:\/\/blogs.correiobraziliense.com.br\/servidor\/wp-json\/wp\/v2\/media\/12405"}],"wp:attachment":[{"href":"https:\/\/blogs.correiobraziliense.com.br\/servidor\/wp-json\/wp\/v2\/media?parent=21746"}],"wp:term":[{"taxonomy":"category","embeddable":true,"href":"https:\/\/blogs.correiobraziliense.com.br\/servidor\/wp-json\/wp\/v2\/categories?post=21746"},{"taxonomy":"post_tag","embeddable":true,"href":"https:\/\/blogs.correiobraziliense.com.br\/servidor\/wp-json\/wp\/v2\/tags?post=21746"}],"curies":[{"name":"wp","href":"https:\/\/api.w.org\/{rel}","templated":true}]}}